{"id":999,"date":"2017-03-07T14:25:47","date_gmt":"2017-03-07T14:25:47","guid":{"rendered":"http:\/\/www.tunimedia.tn\/fr\/?p=999"},"modified":"2017-03-07T14:25:47","modified_gmt":"2017-03-07T14:25:47","slug":"simon-konecki","status":"publish","type":"post","link":"https:\/\/tunimedia.tn\/fr\/simon-konecki\/","title":{"rendered":"Simon Konecki Biographie"},"content":{"rendered":"<div class=\"ugc\">\n<p>Simon Kone\u00adcki est un homme d\u2019af\u00adfaires britan\u00adnique et le <b>compa\u00adgnon de la chan\u00adteuse Adele<\/b>.<\/p>\n<p>Simon Kone\u00adcki gran\u00addit \u00e0 New York jusqu\u2019\u00e0 ses 10 ans avant de d\u00e9m\u00e9\u00adna\u00adger avec ses parents \u00e0 Londres. Issu d\u2019une famille ais\u00e9e, il int\u00e8gre la pres\u00adti\u00adgieuse \u00e9cole pour gar\u00e7ons d\u2019Eton pendant deux ans. Le jeune Simon se r\u00e9v\u00e8le dou\u00e9 dans les affaires et tout natu\u00adrel\u00adle\u00adment<b> commence une carri\u00e8re de cour\u00adtier \u00e0 seule\u00adment 17 ans<\/b>. Sept ans plus tard, il est d\u00e9j\u00e0 \u00e0 la t\u00eate d\u2019une \u00e9quipe de cour\u00adtiers pour la c\u00e9l\u00e8bre firme Lehman Brothers. Malgr\u00e9 la r\u00e9us\u00adsite, son train de vie ne le s\u00e9duit plus. Il a envie de mettre ses rela\u00adtions et ses connais\u00adsances au service d\u2019une cause plus noble. Trois ans plus tard, il quitte son travail et<b> cr\u00e9e son ONG envi\u00adron\u00adne\u00admen\u00adtale <i>drop4\u00addrop<\/i> qui milite en faveur d\u2019un acc\u00e8s \u00e0 l\u2019eau pour tous<\/b>.<\/p>\n<p>C\u00f4t\u00e9 vie priv\u00e9e, avant d\u2019\u00eatre le compa\u00adgnon d\u2019Adele,\u00a0Simon Kone\u00adcki\u00a0a \u00e9t\u00e9 mari\u00e9 avec la styliste Clary\u00a0Fisher avec qui il a eu une petite fille. En 2010, il croise la route de la chan\u00adteuse britan\u00adnique. Entre eux, c\u2019est le coup de foudre. Le couple reste assez discret sur leur rela\u00adtion jusqu\u2019en 2012. Le 19 octobre de cette m\u00eame ann\u00e9e, ils accueillent leur premier enfant\u00a0: un fils pr\u00e9nomm\u00e9 Angelo James<b>.\u00a0<\/b>Le 5 mars 2017, lors d&rsquo;un concert donn\u00e9 en Austra\u00adlie, Adele confirme \u00eatre mari\u00e9e \u00e0 Simon Kone\u00adcki, sans pr\u00e9ci\u00adser la date de la c\u00e9r\u00e9\u00admo\u00adnie.<\/p>\n<p><img decoding=\"async\" class=\"img-responsive lazyloaded\" src=\"http:\/\/img.gal.pmdstatic.net\/fit\/http.3A.2F.2Fwww.2Egala.2Efr.2Fvar.2Fgal.2Fstorage.2Fimages.2Fstars_et_gotha.2Fsimon_konecki.2F3444001-28-fre-FR.2Fsimon_konecki.2Ejpg\/460x259\/quality\/80\/simon-konecki.jpg\" alt=\"Simon Konecki\" data-src=\"http:\/\/img.gal.pmdstatic.net\/fit\/http.3A.2F.2Fwww.2Egala.2Efr.2Fvar.2Fgal.2Fstorage.2Fimages.2Fstars_et_gotha.2Fsimon_konecki.2F3444001-28-fre-FR.2Fsimon_konecki.2Ejpg\/460x259\/quality\/80\/simon-konecki.jpg\" data-ua=\"addMediaItem\" \/><\/p>\n<\/div>\n","protected":false},"excerpt":{"rendered":"<p>Simon Kone\u00adcki est un homme d\u2019af\u00adfaires britan\u00adnique et le compa\u00adgnon de la chan\u00adteuse Adele. Simon Kone\u00adcki gran\u00addit \u00e0 New York jusqu\u2019\u00e0 ses 10 ans avant de d\u00e9m\u00e9\u00adna\u00adger avec ses parents \u00e0 Londres. Issu d\u2019une famille ais\u00e9e, il int\u00e8gre la pres\u00adti\u00adgieuse \u00e9cole pour gar\u00e7ons d\u2019Eton pendant deux ans. Le jeune Simon se r\u00e9v\u00e8le dou\u00e9 dans les &hellip;<\/p>\n","protected":false},"author":1,"featured_media":0,"comment_status":"open","ping_status":"open","sticky":false,"template":"","format":"standard","meta":{"_seopress_robots_primary_cat":"","_seopress_titles_title":"","_seopress_titles_desc":"","_seopress_robots_index":"","_jetpack_memberships_contains_paid_content":false,"footnotes":""},"categories":[1],"tags":[115],"class_list":["post-999","post","type-post","status-publish","format-standard","hentry","category-uncategorized","tag-simon-konecki"],"jetpack_featured_media_url":"","jetpack_sharing_enabled":true,"amp_enabled":true,"_links":{"self":[{"href":"https:\/\/tunimedia.tn\/fr\/wp-json\/wp\/v2\/posts\/999","targetHints":{"allow":["GET"]}}],"collection":[{"href":"https:\/\/tunimedia.tn\/fr\/wp-json\/wp\/v2\/posts"}],"about":[{"href":"https:\/\/tunimedia.tn\/fr\/wp-json\/wp\/v2\/types\/post"}],"author":[{"embeddable":true,"href":"https:\/\/tunimedia.tn\/fr\/wp-json\/wp\/v2\/users\/1"}],"replies":[{"embeddable":true,"href":"https:\/\/tunimedia.tn\/fr\/wp-json\/wp\/v2\/comments?post=999"}],"version-history":[{"count":1,"href":"https:\/\/tunimedia.tn\/fr\/wp-json\/wp\/v2\/posts\/999\/revisions"}],"predecessor-version":[{"id":1000,"href":"https:\/\/tunimedia.tn\/fr\/wp-json\/wp\/v2\/posts\/999\/revisions\/1000"}],"wp:attachment":[{"href":"https:\/\/tunimedia.tn\/fr\/wp-json\/wp\/v2\/media?parent=999"}],"wp:term":[{"taxonomy":"category","embeddable":true,"href":"https:\/\/tunimedia.tn\/fr\/wp-json\/wp\/v2\/categories?post=999"},{"taxonomy":"post_tag","embeddable":true,"href":"https:\/\/tunimedia.tn\/fr\/wp-json\/wp\/v2\/tags?post=999"}],"curies":[{"name":"wp","href":"https:\/\/api.w.org\/{rel}","templated":true}]}}