{"id":99759,"date":"2025-05-18T19:31:23","date_gmt":"2025-05-18T19:31:23","guid":{"rendered":"http:\/\/www.tunimedia.tn\/fr\/ancelotti-valide-la-premiere-recrue-du-real-un-grand-joueur\/"},"modified":"2025-05-18T19:31:23","modified_gmt":"2025-05-18T19:31:23","slug":"ancelotti-valide-la-premiere-recrue-du-real-un-grand-joueur","status":"publish","type":"post","link":"https:\/\/tunimedia.tn\/fr\/ancelotti-valide-la-premiere-recrue-du-real-un-grand-joueur\/","title":{"rendered":"Ancelotti valide la premi\u00e8re recrue du Real : \u00ab\u00a0Un grand joueur\u00a0\u00bb"},"content":{"rendered":"<p> [ad_1]\n<\/p>\n<div>\n<p>Le Real Madrid dispute son avant-dernier match de la saison<br \/>\n2024-25 contre S\u00e9ville, mais le club n\u2019y accorde que peu<br \/>\nd\u2019importance, car il n\u2019y a plus rien \u00e0 jouer lors de ces deux<br \/>\nderniers matchs. L\u2019\u00e9t\u00e9 est la priorit\u00e9 absolue, et cette priorit\u00e9 a<br \/>\n\u00e9t\u00e9 renforc\u00e9e samedi par la confirmation du recrutement de Dean<br \/>\nHuijsen.<\/p>\n<div id=\"attachment_10232248\" style=\"width: 1290px\" class=\"wp-caption alignnone\"><a href=\"https:\/\/www.football365.fr\/wp-content\/uploads\/se\/2025\/03\/ICONSPORT_255781_0296.jpg\"><\/p>\n<div class=\"wrap-img\" id=\"wrap-img-10232248\"><img loading=\"lazy\" decoding=\"async\" aria-describedby=\"caption-attachment-10232248\" class=\"wp-image-10232248 size-full\" src=\"https:\/\/cdn.football365.fr\/wp-content\/uploads\/se\/2025\/03\/ICONSPORT_255781_0296.jpg\" alt=\"Carlo Ancelotti r\u00e9agit \u00e0 l'arriv\u00e9e de Dean Huijsen au Real Madrid\" width=\"1280\" height=\"670\" srcset=\"https:\/\/cdn.football365.fr\/wp-content\/uploads\/se\/2025\/03\/ICONSPORT_255781_0296.jpg 1280w, https:\/\/cdn.football365.fr\/wp-content\/uploads\/se\/2025\/03\/ICONSPORT_255781_0296-300x157.jpg 300w, https:\/\/cdn.football365.fr\/wp-content\/uploads\/se\/2025\/03\/ICONSPORT_255781_0296-1024x536.jpg 1024w, https:\/\/cdn.football365.fr\/wp-content\/uploads\/se\/2025\/03\/ICONSPORT_255781_0296-768x402.jpg 768w\" sizes=\"auto, (max-width: 1280px) 100vw, 1280px\"\/><span class=\"copyright_text\">2025 Icon Sport<\/span><\/div>\n<p><\/a><\/p>\n<p id=\"caption-attachment-10232248\" class=\"wp-caption-text\">Carlo<br \/>\nAncelotti r\u00e9agit \u00e0 l\u2019arriv\u00e9e de Dean Huijsen au Real Madrid<\/p>\n<\/div>\n<p>Selon Diario AS, Carlo Ancelotti a r\u00e9agi \u00e0 l\u2019annonce du<br \/>\nrecrutement de Huijsen, qu\u2019il n\u2019entra\u00eenera pas la saison prochaine,<br \/>\nson d\u00e9part \u00e9tant d\u00e9j\u00e0 act\u00e9.<\/p>\n<p><em>\u00ab C\u2019est un excellent joueur, jeune, qui a beaucoup de<br \/>\npotentiel et une belle projection. Ce recrutement est excellent.<br \/>\nTous les joueurs recrut\u00e9s par le Real Madrid me passionnent, car le<br \/>\nReal Madrid veut toujours \u00eatre \u00e0 son meilleur niveau. L\u2019ann\u00e9e<br \/>\nderni\u00e8re, c\u2019\u00e9tait impensable (de recruter un d\u00e9fenseur central) en<br \/>\nraison des retours d\u2019Alaba, Militao et Carvajal. Mais les blessures<br \/>\nnous ont fait mal. \u00bb<\/em><\/p>\n<p>Le sujet de Huijsen a amen\u00e9 Ancelotti \u00e0 se demander s\u2019il avait<br \/>\n\u00e9t\u00e9 suffisamment soutenu par la direction du Real Madrid pendant<br \/>\nson mandat.\u00a0<em>\u00ab Ils m\u2019ont \u00e9cout\u00e9. Depuis que je suis ici,<br \/>\nils ont recrut\u00e9 Camavinga, R\u00fcdiger, Tchouameni, Bellingham, Mbapp\u00e9\u2026<br \/>\n\u00bb<\/em><\/p>\n<h2>Ancelotti lance un avertissement au FC Barcelone apr\u00e8s son<br \/>\ntitre de champion d\u2019Espagne<\/h2>\n<p>Le Real Madrid n\u2019a plus rien \u00e0 jouer face \u00e0 S\u00e9ville, car il a<br \/>\nd\u00e9j\u00e0 \u00e9t\u00e9 d\u00e9tr\u00f4n\u00e9 du titre de champion d\u2019Espagne. Barcelone a<br \/>\nremport\u00e9 le titre en d\u00e9but de semaine gr\u00e2ce \u00e0 sa victoire sur<br \/>\nl\u2019Espanyol, et Ancelotti a adress\u00e9 un message de f\u00e9licitations aux<br \/>\nCatalans, mais aussi un avertissement.<\/p>\n<p><em>\u00ab C\u2019est le football, parfois, on ne peut pas tirer le<br \/>\nmeilleur de chaque match. Barcelone a tr\u00e8s bien jou\u00e9, il faut les<br \/>\nf\u00e9liciter, car ils ont \u00e9t\u00e9 plus r\u00e9guliers en Liga et ont jou\u00e9 un<br \/>\ntr\u00e8s beau football. Ils m\u00e9ritaient de remporter ce championnat.<br \/>\nL\u2019ann\u00e9e prochaine, ce sera une autre histoire. \u00bb<\/em><\/p>\n<aside class=\"bloc_resume_post\">\n<h2 class=\"bloc_resume_post_title\">EN BREF<\/h2>\n<ul class=\"bloc_resume_post_list\">\n<li>Le Real Madrid joue contre S\u00e9ville lors de l&rsquo;avant-dernier<br \/>\nmatch de la saison 2024-25, mais se concentre sur l&rsquo;\u00e9t\u00e9 avec le<br \/>\nrecrutement de Dean Huijsen.<\/li>\n<li>Carlo Ancelotti a salu\u00e9 l&rsquo;arriv\u00e9e de Huijsen, soulignant son<br \/>\npotentiel, tout en se questionnant sur le soutien re\u00e7u du club<br \/>\ndurant son mandat.<\/li>\n<li>Ancelotti a f\u00e9licit\u00e9 Barcelone pour son titre de champion<br \/>\nd&rsquo;Espagne tout en promettant une revanche la saison prochaine.<\/li>\n<\/ul>\n<\/aside>\n<\/div>\n[ad_2]\n<br \/><a href=\"https:\/\/www.football365.fr\/ancelotti-valide-la-premiere-recrue-du-real-un-grand-joueur-10239637.html?utm_source=rss_feed&#038;utm_medium=link&#038;utm_campaign=unknown\">Source link <\/a><\/p>\n","protected":false},"excerpt":{"rendered":"<p>[ad_1] Le Real Madrid dispute son avant-dernier match de la saison 2024-25 contre S\u00e9ville, mais le club n\u2019y accorde que peu d\u2019importance, car il n\u2019y a plus rien \u00e0 jouer lors de ces deux derniers matchs. L\u2019\u00e9t\u00e9 est la priorit\u00e9 absolue, et cette priorit\u00e9 a \u00e9t\u00e9 renforc\u00e9e samedi par la confirmation du recrutement de Dean &hellip;<\/p>\n","protected":false},"author":1,"featured_media":97323,"comment_status":"open","ping_status":"open","sticky":false,"template":"","format":"standard","meta":{"_seopress_robots_primary_cat":"0","_seopress_titles_title":"","_seopress_titles_desc":"","_seopress_robots_index":"","_jetpack_memberships_contains_paid_content":false,"footnotes":""},"categories":[350],"tags":[],"class_list":["post-99759","post","type-post","status-publish","format-standard","has-post-thumbnail","hentry","category-sport"],"jetpack_featured_media_url":"https:\/\/tunimedia.tn\/fr\/wp-content\/uploads\/2025\/04\/ICONSPORT_256764_0201.jpg","jetpack_sharing_enabled":true,"amp_enabled":true,"_links":{"self":[{"href":"https:\/\/tunimedia.tn\/fr\/wp-json\/wp\/v2\/posts\/99759","targetHints":{"allow":["GET"]}}],"collection":[{"href":"https:\/\/tunimedia.tn\/fr\/wp-json\/wp\/v2\/posts"}],"about":[{"href":"https:\/\/tunimedia.tn\/fr\/wp-json\/wp\/v2\/types\/post"}],"author":[{"embeddable":true,"href":"https:\/\/tunimedia.tn\/fr\/wp-json\/wp\/v2\/users\/1"}],"replies":[{"embeddable":true,"href":"https:\/\/tunimedia.tn\/fr\/wp-json\/wp\/v2\/comments?post=99759"}],"version-history":[{"count":0,"href":"https:\/\/tunimedia.tn\/fr\/wp-json\/wp\/v2\/posts\/99759\/revisions"}],"wp:featuredmedia":[{"embeddable":true,"href":"https:\/\/tunimedia.tn\/fr\/wp-json\/wp\/v2\/media\/97323"}],"wp:attachment":[{"href":"https:\/\/tunimedia.tn\/fr\/wp-json\/wp\/v2\/media?parent=99759"}],"wp:term":[{"taxonomy":"category","embeddable":true,"href":"https:\/\/tunimedia.tn\/fr\/wp-json\/wp\/v2\/categories?post=99759"},{"taxonomy":"post_tag","embeddable":true,"href":"https:\/\/tunimedia.tn\/fr\/wp-json\/wp\/v2\/tags?post=99759"}],"curies":[{"name":"wp","href":"https:\/\/api.w.org\/{rel}","templated":true}]}}