{"id":99496,"date":"2025-05-15T11:29:23","date_gmt":"2025-05-15T11:29:23","guid":{"rendered":"https:\/\/www.tunimedia.tn\/fr\/un-ex-du-psg-predit-un-calvaire-face-a-linter\/"},"modified":"2025-05-15T11:29:23","modified_gmt":"2025-05-15T11:29:23","slug":"un-ex-du-psg-predit-un-calvaire-face-a-linter","status":"publish","type":"post","link":"https:\/\/tunimedia.tn\/fr\/un-ex-du-psg-predit-un-calvaire-face-a-linter\/","title":{"rendered":"Un ex du PSG pr\u00e9dit un calvaire face \u00e0 l\u2019Inter !"},"content":{"rendered":"<p> [ad_1]\n<br \/><img decoding=\"async\" src=\"https:\/\/cdn.football365.fr\/wp-content\/uploads\/se\/2025\/04\/ICONSPORT_257097_0516.jpg\" \/><\/p>\n<p>\u00c0 quelques semaines de la tant attendue<br \/>\nfinale de la Ligue des Champions entre le PSG et l&rsquo;Inter, la<br \/>\ntension monte. Un ancien de la maison parisienne, Marco Simone,<br \/>\npass\u00e9 par le club \u00e0 la fin des ann\u00e9es 90, a tenu \u00e0 partager son<br \/>\nanalyse de cette confrontation au sommet.<\/p>\n<div>\n<p>Le rendez-vous est fix\u00e9 pour les passionn\u00e9s de football, le<br \/>\nParis Saint-Germain et l\u2019Inter Milan s\u2019affronteront en finale de la<br \/>\nLigue des Champions, le 31 mai prochain, \u00e0 l\u2019Allianz Arena de<br \/>\nMunich. Et \u00e0 l\u2019approche de ce choc ultime sur la sc\u00e8ne europ\u00e9enne,<br \/>\nun ancien joueur du club parisien a tenu \u00e0 adresser un message<br \/>\nd\u2019avertissement \u00e0 son ancienne \u00e9quipe.<\/p>\n<p>Marco Simone, ex-international italien pass\u00e9 par le PSG entre<br \/>\n1997 et 1999, a soulign\u00e9 les atouts des Nerazzurri.<br \/>\n<em>\u00ab\u00a0L\u2019Inter, c\u2019est une \u00e9quipe moderne qui ne joue pas<br \/>\nseulement tr\u00e8s bien, avec un syst\u00e8me f\u00e9tiche en 3-5-2, je pense<br \/>\nqu\u2019elle a aussi une force physique sup\u00e9rieure au PSG\u00a0\u00bb<\/em>, a<br \/>\nconfi\u00e9 le natif de Castellanza.<\/p>\n<h2>Un avantage d\u00e9cisif pour l\u2019Inter<\/h2>\n<p>Pour Simone, l\u2019effectif pl\u00e9thorique de l\u2019Inter est loin d\u2019\u00eatre<br \/>\nun d\u00e9tail anodin. Alors que la moyenne d\u2019\u00e2ge du groupe parisien<br \/>\navoisine les 24 ans, celle de l\u2019Inter s\u2019\u00e9l\u00e8ve \u00e0 30 ans. Un facteur<br \/>\nqu\u2019il ne consid\u00e8re nullement comme un handicap, notamment au regard<br \/>\nde la gestion op\u00e9r\u00e9e par Simone Inzaghi.<\/p>\n<p><em>\u00ab\u00a0Mkhitaryan et Calhanoglu, c\u2019est vrai qu\u2019ils ont un<br \/>\n\u00e2ge avanc\u00e9, mais c\u2019est le moteur de cette \u00e9quipe. Si l\u2019on prend ces<br \/>\ntrois-l\u00e0 avec Barella qui est certes moins grand, leur impact<br \/>\nphysique\u2026 Et ce n\u2019est pas seulement le onze de d\u00e9part. Quand on<br \/>\nvoit les rempla\u00e7ants qu\u2019ils ont \u00e0 disposition, c\u2019est \u00e7a pour moi<br \/>\nl\u2019impact physique. Sur cet aspect-l\u00e0, ils ont peut-\u00eatre plus de<br \/>\npossibilit\u00e9s que le PSG\u00a0\u00bb<\/em>, a conclu l\u2019ancien<br \/>\nattaquant.<\/p>\n<aside class=\"bloc_resume_post\">\n<h2 class=\"bloc_resume_post_title\">EN BREF<\/h2>\n<ul class=\"bloc_resume_post_list\">\n<li>Le 31 mai, le Paris Saint-Germain affrontera l&rsquo;Inter Milan en<br \/>\nfinale de la Ligue des champions \u00e0 l&rsquo;Allianz Arena de Munich.<\/li>\n<li>Marco Simone, ancien joueur du PSG, a averti son ancienne<br \/>\n\u00e9quipe sur la force physique et le syst\u00e8me de jeu moderne de<br \/>\nl&rsquo;Inter Milan.<\/li>\n<li>Simone a soulign\u00e9 que l&rsquo;exp\u00e9rience et la profondeur de<br \/>\nl&rsquo;effectif de l&rsquo;Inter pourraient poser un d\u00e9fi majeur au PSG.<\/li>\n<\/ul>\n<\/aside>\n<\/div>\n[ad_2]\n<br \/><a href=\"https:\/\/www.football365.fr\/un-ex-du-psg-predit-un-calvaire-face-a-linter-10239135.html?utm_source=rss_feed&#038;utm_medium=link&#038;utm_campaign=unknown\">Source link <\/a><\/p>\n","protected":false},"excerpt":{"rendered":"<p>[ad_1] \u00c0 quelques semaines de la tant attendue finale de la Ligue des Champions entre le PSG et l&rsquo;Inter, la tension monte. Un ancien de la maison parisienne, Marco Simone, pass\u00e9 par le club \u00e0 la fin des ann\u00e9es 90, a tenu \u00e0 partager son analyse de cette confrontation au sommet. Le rendez-vous est fix\u00e9 &hellip;<\/p>\n","protected":false},"author":1,"featured_media":96939,"comment_status":"open","ping_status":"open","sticky":false,"template":"","format":"standard","meta":{"_seopress_robots_primary_cat":"0","_seopress_titles_title":"","_seopress_titles_desc":"","_seopress_robots_index":"","_jetpack_memberships_contains_paid_content":false,"footnotes":""},"categories":[350],"tags":[],"class_list":["post-99496","post","type-post","status-publish","format-standard","has-post-thumbnail","hentry","category-sport"],"jetpack_featured_media_url":"https:\/\/tunimedia.tn\/fr\/wp-content\/uploads\/2025\/04\/ICONSPORT_257097_0516.jpg","jetpack_sharing_enabled":true,"amp_enabled":true,"_links":{"self":[{"href":"https:\/\/tunimedia.tn\/fr\/wp-json\/wp\/v2\/posts\/99496","targetHints":{"allow":["GET"]}}],"collection":[{"href":"https:\/\/tunimedia.tn\/fr\/wp-json\/wp\/v2\/posts"}],"about":[{"href":"https:\/\/tunimedia.tn\/fr\/wp-json\/wp\/v2\/types\/post"}],"author":[{"embeddable":true,"href":"https:\/\/tunimedia.tn\/fr\/wp-json\/wp\/v2\/users\/1"}],"replies":[{"embeddable":true,"href":"https:\/\/tunimedia.tn\/fr\/wp-json\/wp\/v2\/comments?post=99496"}],"version-history":[{"count":0,"href":"https:\/\/tunimedia.tn\/fr\/wp-json\/wp\/v2\/posts\/99496\/revisions"}],"wp:featuredmedia":[{"embeddable":true,"href":"https:\/\/tunimedia.tn\/fr\/wp-json\/wp\/v2\/media\/96939"}],"wp:attachment":[{"href":"https:\/\/tunimedia.tn\/fr\/wp-json\/wp\/v2\/media?parent=99496"}],"wp:term":[{"taxonomy":"category","embeddable":true,"href":"https:\/\/tunimedia.tn\/fr\/wp-json\/wp\/v2\/categories?post=99496"},{"taxonomy":"post_tag","embeddable":true,"href":"https:\/\/tunimedia.tn\/fr\/wp-json\/wp\/v2\/tags?post=99496"}],"curies":[{"name":"wp","href":"https:\/\/api.w.org\/{rel}","templated":true}]}}