{"id":98898,"date":"2025-05-06T19:41:20","date_gmt":"2025-05-06T19:41:20","guid":{"rendered":"https:\/\/www.tunimedia.tn\/fr\/streaming-chaine-tv-et-compos-598\/"},"modified":"2025-05-06T19:41:20","modified_gmt":"2025-05-06T19:41:20","slug":"streaming-chaine-tv-et-compos-598","status":"publish","type":"post","link":"https:\/\/tunimedia.tn\/fr\/streaming-chaine-tv-et-compos-598\/","title":{"rendered":"streaming, cha\u00eene TV et compos"},"content":{"rendered":"<p> [ad_1]\n<br \/><img decoding=\"async\" src=\"https:\/\/cdn.football365.fr\/wp-content\/uploads\/se\/2025\/04\/ICONSPORT_259036_0022.jpg\" \/><\/p>\n<p>L&rsquo;Inter Milan et le FC Barcelone<br \/>\ns&rsquo;affrontent en demi-finale retour de Ligue des champions, ce mardi<br \/>\n(21 heures). Voici toutes les infos essentielles sur ce<br \/>\nmatch.<\/p>\n<div>\n<p>L\u2019histoire dira si cette deuxi\u00e8me manche <a href=\"https:\/\/www.football365.fr\/coupes-europe-football\/ligue-des-champions-coupes-europe-football\"><br \/>\n<strong>entre l\u2019Inter et le Bar\u00e7a<\/strong><\/a> nous offrira un<br \/>\nspectacle aussi f\u00e9\u00e9rique que la premi\u00e8re, mais on a d\u00e9j\u00e0 d\u2019y \u00eatre.<br \/>\nIl y a six jours, en Catalogne, les amoureux du jeu ont tout eu :<br \/>\ndes beaux tout aussi splendides les uns que les autres, des<br \/>\nretournements de situations, une opposition tactique passionnante<br \/>\net l\u2019\u00e9closion irr\u00e9sistible d\u2019un talent g\u00e9n\u00e9rationnel. Parfois<br \/>\n\u00e9poustouflant, Lamine Yamal sera encore le grand acteur de ce match<br \/>\n\u00e0 San Siro. Parce qu\u2019il est n\u00e9 pour \u00e7a. Et parce que depuis son<br \/>\nentr\u00e9e fracassante dans le paysage du foot mondial, ce virtuose de<br \/>\n17 ans a montr\u00e9 qu\u2019il n\u2019\u00e9tait jamais aussi fort que dans les grands<br \/>\nmoments.<\/p>\n<p>Mais le Bar\u00e7a devra surmonter des obstacles, aussi. Comme les<br \/>\nabsences de Robert Lewandowski et Jules Kound\u00e9, par exemple. Ou le<br \/>\nfroid r\u00e9alisme d\u2019une \u00e9quipe int\u00e9riste qui sait faire beaucoup avec<br \/>\npeu. Dans son antre, la formation de Simone Inzaghi aura besoin<br \/>\nd\u2019un suppl\u00e9ment d\u2019\u00e2me pour r\u00e9sister \u00e0 la tornade de la meilleure<br \/>\nattaque d\u2019Europe. Priv\u00e9 de son meilleur buteur Lautaro Martinez, le<br \/>\nchampion d\u2019Italie aborde ce match comme une petite montagne. Le<br \/>\nd\u00e9cor est bien plant\u00e9. Place au show.<\/p>\n<h2>Les compos attendues<\/h2>\n<p><strong>Inter Milan<\/strong> : Sommer \u2013 Bisseck, Acerbi, Bastoni<br \/>\n\u2013 Dumfries, Barella, Calhanoglu, Mkhitaryan, Dimarco \u2013 Thuram,<br \/>\nTaremi.<\/p>\n<p><strong>Barcelone<\/strong> : Szczesny \u2013 Garcia, Cubarsi, Araujo,<br \/>\nMartinez \u2013 Pedri, De Jong \u2013 Yamal, Olmo, Raphinha \u2013 Torres.<\/p>\n<h2>O\u00f9 voir le match ?<\/h2>\n<p>Cette demi-finale retour de Ligue des champions entre l\u2019Inter<br \/>\nMilan et le FC Barcelone sera diffus\u00e9e ce mardi soir sur Canal +<br \/>\nFoot, \u00e0 partir de 21 heures. Il sera \u00e9galement possible de la<br \/>\nregarder sur la plateforme de streaming du groupe, MyCanal.<\/p>\n<aside class=\"bloc_resume_post\">\n<h2 class=\"bloc_resume_post_title\">EN BREF<\/h2>\n<ul class=\"bloc_resume_post_list\">\n<li>L&rsquo;Inter Milan affronte le FC Barcelone en demi-finale retour de<br \/>\nla Ligue des champions.<\/li>\n<li>Le Bar\u00e7a doit composer sans Lewandowski et Kound\u00e9, tandis que<br \/>\nl&rsquo;Inter, sans Lautaro Martinez, esp\u00e8re r\u00e9sister \u00e0 l&rsquo;attaque<br \/>\nbarcelonaise.<\/li>\n<li>Le match sera diffus\u00e9 sur Canal + Foot et MyCanal \u00e0 partir de<br \/>\n21 heures.<\/li>\n<\/ul>\n<\/aside>\n<\/div>\n[ad_2]\n<br \/><a href=\"https:\/\/www.football365.fr\/inter-milan-barcelone-streaming-chaine-tv-et-compos-10237880.html?utm_source=rss_feed&#038;utm_medium=link&#038;utm_campaign=unknown\">Source link <\/a><\/p>\n","protected":false},"excerpt":{"rendered":"<p>[ad_1] L&rsquo;Inter Milan et le FC Barcelone s&rsquo;affrontent en demi-finale retour de Ligue des champions, ce mardi (21 heures). Voici toutes les infos essentielles sur ce match. L\u2019histoire dira si cette deuxi\u00e8me manche entre l\u2019Inter et le Bar\u00e7a nous offrira un spectacle aussi f\u00e9\u00e9rique que la premi\u00e8re, mais on a d\u00e9j\u00e0 d\u2019y \u00eatre. Il y &hellip;<\/p>\n","protected":false},"author":1,"featured_media":98899,"comment_status":"open","ping_status":"open","sticky":false,"template":"","format":"standard","meta":{"_seopress_robots_primary_cat":"0","_seopress_titles_title":"","_seopress_titles_desc":"","_seopress_robots_index":"","_jetpack_memberships_contains_paid_content":false,"footnotes":""},"categories":[350],"tags":[],"class_list":["post-98898","post","type-post","status-publish","format-standard","has-post-thumbnail","hentry","category-sport"],"jetpack_featured_media_url":"https:\/\/tunimedia.tn\/fr\/wp-content\/uploads\/2025\/05\/ICONSPORT_259036_0022.jpg","jetpack_sharing_enabled":true,"amp_enabled":true,"_links":{"self":[{"href":"https:\/\/tunimedia.tn\/fr\/wp-json\/wp\/v2\/posts\/98898","targetHints":{"allow":["GET"]}}],"collection":[{"href":"https:\/\/tunimedia.tn\/fr\/wp-json\/wp\/v2\/posts"}],"about":[{"href":"https:\/\/tunimedia.tn\/fr\/wp-json\/wp\/v2\/types\/post"}],"author":[{"embeddable":true,"href":"https:\/\/tunimedia.tn\/fr\/wp-json\/wp\/v2\/users\/1"}],"replies":[{"embeddable":true,"href":"https:\/\/tunimedia.tn\/fr\/wp-json\/wp\/v2\/comments?post=98898"}],"version-history":[{"count":0,"href":"https:\/\/tunimedia.tn\/fr\/wp-json\/wp\/v2\/posts\/98898\/revisions"}],"wp:featuredmedia":[{"embeddable":true,"href":"https:\/\/tunimedia.tn\/fr\/wp-json\/wp\/v2\/media\/98899"}],"wp:attachment":[{"href":"https:\/\/tunimedia.tn\/fr\/wp-json\/wp\/v2\/media?parent=98898"}],"wp:term":[{"taxonomy":"category","embeddable":true,"href":"https:\/\/tunimedia.tn\/fr\/wp-json\/wp\/v2\/categories?post=98898"},{"taxonomy":"post_tag","embeddable":true,"href":"https:\/\/tunimedia.tn\/fr\/wp-json\/wp\/v2\/tags?post=98898"}],"curies":[{"name":"wp","href":"https:\/\/api.w.org\/{rel}","templated":true}]}}