{"id":98282,"date":"2025-04-28T13:52:21","date_gmt":"2025-04-28T13:52:21","guid":{"rendered":"http:\/\/www.tunimedia.tn\/fr\/de-bruyne-a-chelsea-la-decision-finale\/"},"modified":"2025-04-28T13:52:21","modified_gmt":"2025-04-28T13:52:21","slug":"de-bruyne-a-chelsea-la-decision-finale","status":"publish","type":"post","link":"https:\/\/tunimedia.tn\/fr\/de-bruyne-a-chelsea-la-decision-finale\/","title":{"rendered":"De Bruyne \u00e0 Chelsea, la d\u00e9cision finale"},"content":{"rendered":"<p> [ad_1]\n<\/p>\n<p>Il est actuellement peu probable que<br \/>\nChelsea re-signe Kevin De Bruyne via un contrat Bosman cet \u00e9t\u00e9,<br \/>\nmalgr\u00e9 les nombreuses rumeurs concernant l&rsquo;international<br \/>\nbelge.<\/p>\n<div>\n<p>De Bruyne, 33 ans, quittera Manchester City \u00e0 l\u2019expiration de<br \/>\nson contrat avec l\u2019\u00e9quipe de Pep Guardiola fin juin. Il est<br \/>\npressenti pour signer un contrat lucratif aux \u00c9tats-Unis lors du<br \/>\nmercato estival 2025.<\/p>\n<p>Le Chicago Fire et l\u2019Inter Miami font partie des clubs qui<br \/>\nseraient int\u00e9ress\u00e9s par un transfert gratuit de De Bruyne plus tard<br \/>\ncette ann\u00e9e, bien que le joueur de 33 ans ait laiss\u00e9 entendre qu\u2019il<br \/>\nsouhaiterait rester en Angleterre s\u2019il recevait une offre d\u2019un club<br \/>\nde Premier League.<\/p>\n<p>Aston Villa a \u00e9t\u00e9 pr\u00e9sent\u00e9 comme une destination surprise pour<br \/>\nDe Bruyne, tandis que Chelsea serait ouvert \u00e0 une re-signature du<br \/>\nmilieu de terrain belge, 11 ans apr\u00e8s l\u2019avoir vendu au VfL<br \/>\nWolfsburg, club de Bundesliga.<\/p>\n<p>Cependant, Matt Law du Telegraph a confirm\u00e9 qu\u2019il \u00e9tait \u00ab peu<br \/>\nprobable \u00bb que Chelsea fasse revenir De Bruyne au club cet \u00e9t\u00e9,<br \/>\nmalgr\u00e9 le souhait d\u2019Enzo Maresca de recruter plusieurs joueurs<br \/>\nexp\u00e9riment\u00e9s.<\/p>\n<div id=\"attachment_10236521\" style=\"width: 1290px\" class=\"wp-caption aligncenter\"><a href=\"https:\/\/www.football365.fr\/wp-content\/uploads\/se\/2025\/04\/ICONSPORT_256867_0093-1-1.jpg\"><\/p>\n<div class=\"wrap-img\" id=\"wrap-img-10236521\"><img alt=\"\" loading=\"lazy\" decoding=\"async\" aria-describedby=\"caption-attachment-10236521\" class=\"wp-image-10236521 size-full\" src=\"https:\/\/cdn.football365.fr\/wp-content\/uploads\/se\/2025\/04\/ICONSPORT_256867_0093-1-1.jpg\" alt=\"\" width=\"1280\" height=\"670\" srcset=\"https:\/\/cdn.football365.fr\/wp-content\/uploads\/se\/2025\/04\/ICONSPORT_256867_0093-1-1.jpg 1280w, https:\/\/cdn.football365.fr\/wp-content\/uploads\/se\/2025\/04\/ICONSPORT_256867_0093-1-1-300x157.jpg 300w, https:\/\/cdn.football365.fr\/wp-content\/uploads\/se\/2025\/04\/ICONSPORT_256867_0093-1-1-1024x536.jpg 1024w, https:\/\/cdn.football365.fr\/wp-content\/uploads\/se\/2025\/04\/ICONSPORT_256867_0093-1-1-768x402.jpg 768w\" sizes=\"auto, (max-width: 1280px) 100vw, 1280px\"\/><\/div>\n<p><\/a><\/p>\n<p id=\"caption-attachment-10236521\" class=\"wp-caption-text\">Kevin<br \/>\nDe Bruyne, star de Man City<\/p>\n<\/div>\n<p>L\u2019entra\u00eeneur des Blues serait int\u00e9ress\u00e9 par des joueurs comme<br \/>\nHarry Kane, Victor Osimhen et Ollie Watkins, le club \u00e9tant \u00e0 la<br \/>\nrecherche d\u2019un nouvel attaquant. Il a laiss\u00e9 entendre sa<br \/>\nfrustration face au manque d\u2019exp\u00e9rience dont il dispose avant la<br \/>\nvictoire de Chelsea contre Everton samedi.<\/p>\n<p><em>\u00ab Nous ne sommes pas seulement jeunes \u00bb<\/em>, a d\u00e9clar\u00e9<br \/>\nMaresca aux journalistes. <em>\u00ab Nous sommes la plus jeune \u00e9quipe de<br \/>\nPremier League. Et la deuxi\u00e8me en Europe. Regardez les matchs<br \/>\ncontre Brighton \u00e0 l\u2019ext\u00e9rieur et regardez notre banc\u00a0: nous<br \/>\navons trois joueurs n\u00e9s en 2006. \u00bb<\/em><\/p>\n<p>\u00ab Je ne me souviens pas, il y a des ann\u00e9es, par exemple, quand<br \/>\n[Didier] Drogba \u00e9tait l\u00e0 et que le manager a chang\u00e9 Drogba qui<br \/>\n\u00e9tait sur le banc. Fernando Torres\u00a0? Je ne sais pas. Je ne me<br \/>\nsouviens pas. \u00bb Maintenant, on remplace Nico [Jackson] par 2006, et<br \/>\nTyrique [George] par le centre de formation. Vous voyez \u00e7a ? Je<br \/>\nvois \u00e7a.<\/p>\n<h2>Pourquoi Chelsea ne recrutera pas Kevin De Bruyne<\/h2>\n<p>L\u2019une des principales raisons pour lesquelles Chelsea a d\u00e9cid\u00e9<br \/>\nde ne pas n\u00e9gocier avec De Bruyne est que son arriv\u00e9e cr\u00e9erait un<br \/>\ncasse-t\u00eate en termes de s\u00e9lection avec Cole Palmer, qui excelle<br \/>\n\u00e9galement au poste de milieu offensif.<\/p>\n<p>L\u2019international anglais peine \u00e0 retrouver son meilleur niveau<br \/>\napr\u00e8s une p\u00e9riode de disette devant le but, selon certaines<br \/>\nsources, et il n\u2019est pas int\u00e9ress\u00e9 par un d\u00e9part de Chelsea, malgr\u00e9<br \/>\nles rumeurs d\u2019un \u00e9ventuel transfert \u00e0 Liverpool ou Manchester<br \/>\nCity.<\/p>\n<p>Palmer a inscrit 22 buts en 40 apparitions toutes comp\u00e9titions<br \/>\nconfondues cette saison, mais il n\u2019a pas marqu\u00e9 lors de ses 17<br \/>\nderniers matchs pour le club, depuis la mi-janvier.<\/p>\n<aside class=\"bloc_resume_post\">\n<h2 class=\"bloc_resume_post_title\">EN BREF<\/h2>\n<ul class=\"bloc_resume_post_list\">\n<li>Kevin De Bruyne, 33 ans, quittera Manchester City \u00e0 la fin de<br \/>\nson contrat en juin 2025, avec des rumeurs de transfert vers les<br \/>\n\u00c9tats-Unis.<\/li>\n<li>Chelsea est peu susceptible de re-signer De Bruyne cet \u00e9t\u00e9,<br \/>\nmalgr\u00e9 l&rsquo;int\u00e9r\u00eat de clubs comme le Chicago Fire et l&rsquo;Inter<br \/>\nMiami.<\/li>\n<li>La pr\u00e9sence de Cole Palmer \u00e0 Chelsea, qui joue au m\u00eame poste<br \/>\nque De Bruyne, complique un \u00e9ventuel retour du Belge au club.<\/li>\n<\/ul>\n<\/aside>\n<\/div>\n[ad_2]\n<br \/><a href=\"https:\/\/www.football365.fr\/de-bruyne-a-chelsea-la-decision-finale-10237094.html?utm_source=rss_feed&#038;utm_medium=link&#038;utm_campaign=unknown\">Source link <\/a><\/p>\n","protected":false},"excerpt":{"rendered":"<p>[ad_1] Il est actuellement peu probable que Chelsea re-signe Kevin De Bruyne via un contrat Bosman cet \u00e9t\u00e9, malgr\u00e9 les nombreuses rumeurs concernant l&rsquo;international belge. De Bruyne, 33 ans, quittera Manchester City \u00e0 l\u2019expiration de son contrat avec l\u2019\u00e9quipe de Pep Guardiola fin juin. Il est pressenti pour signer un contrat lucratif aux \u00c9tats-Unis lors &hellip;<\/p>\n","protected":false},"author":1,"featured_media":96451,"comment_status":"open","ping_status":"open","sticky":false,"template":"","format":"standard","meta":{"_seopress_robots_primary_cat":"0","_seopress_titles_title":"","_seopress_titles_desc":"","_seopress_robots_index":"","_jetpack_memberships_contains_paid_content":false,"footnotes":""},"categories":[350],"tags":[],"class_list":["post-98282","post","type-post","status-publish","format-standard","has-post-thumbnail","hentry","category-sport"],"jetpack_featured_media_url":"https:\/\/tunimedia.tn\/fr\/wp-content\/uploads\/2025\/04\/ICONSPORT_256356_0009.jpg","jetpack_sharing_enabled":true,"amp_enabled":true,"_links":{"self":[{"href":"https:\/\/tunimedia.tn\/fr\/wp-json\/wp\/v2\/posts\/98282","targetHints":{"allow":["GET"]}}],"collection":[{"href":"https:\/\/tunimedia.tn\/fr\/wp-json\/wp\/v2\/posts"}],"about":[{"href":"https:\/\/tunimedia.tn\/fr\/wp-json\/wp\/v2\/types\/post"}],"author":[{"embeddable":true,"href":"https:\/\/tunimedia.tn\/fr\/wp-json\/wp\/v2\/users\/1"}],"replies":[{"embeddable":true,"href":"https:\/\/tunimedia.tn\/fr\/wp-json\/wp\/v2\/comments?post=98282"}],"version-history":[{"count":0,"href":"https:\/\/tunimedia.tn\/fr\/wp-json\/wp\/v2\/posts\/98282\/revisions"}],"wp:featuredmedia":[{"embeddable":true,"href":"https:\/\/tunimedia.tn\/fr\/wp-json\/wp\/v2\/media\/96451"}],"wp:attachment":[{"href":"https:\/\/tunimedia.tn\/fr\/wp-json\/wp\/v2\/media?parent=98282"}],"wp:term":[{"taxonomy":"category","embeddable":true,"href":"https:\/\/tunimedia.tn\/fr\/wp-json\/wp\/v2\/categories?post=98282"},{"taxonomy":"post_tag","embeddable":true,"href":"https:\/\/tunimedia.tn\/fr\/wp-json\/wp\/v2\/tags?post=98282"}],"curies":[{"name":"wp","href":"https:\/\/api.w.org\/{rel}","templated":true}]}}