{"id":94880,"date":"2025-03-13T13:42:05","date_gmt":"2025-03-13T13:42:05","guid":{"rendered":"https:\/\/www.tunimedia.tn\/fr\/cest-special-emery-evoque-ses-retrouvailles-avec-le-psg\/"},"modified":"2025-03-13T13:42:05","modified_gmt":"2025-03-13T13:42:05","slug":"cest-special-emery-evoque-ses-retrouvailles-avec-le-psg","status":"publish","type":"post","link":"https:\/\/tunimedia.tn\/fr\/cest-special-emery-evoque-ses-retrouvailles-avec-le-psg\/","title":{"rendered":"\u00ab\u00a0C&rsquo;est sp\u00e9cial\u00a0\u00bb, Emery \u00e9voque ses retrouvailles avec le PSG !"},"content":{"rendered":"<p> [ad_1]\n<br \/><img decoding=\"async\" src=\"https:\/\/cdn.football365.fr\/wp-content\/uploads\/se\/2025\/03\/ICONSPORT_254554_0175-1.jpg\" \/><\/p>\n<p>C&rsquo;est officiel, le Paris Saint-Germain<br \/>\nconnait enfin son adversaire pour les quarts de finale de la Ligue<br \/>\ndes Champions. Ce sera le club anglais d&rsquo;Aston Villa qui tentera de<br \/>\nfaire d\u00e9jouer le club de la capitale.<\/p>\n<div>\n<p>Ce mercredi soir, les Villans ont largement \u00e9cart\u00e9 le Club<br \/>\nBruges sur le score de 3 buts \u00e0 0 (6-1 score cumul\u00e9). Cette<br \/>\nrencontre sera plus que sp\u00e9ciale pour le coach Unai Emery qui va<br \/>\naffronter son ancien club. Le manager basque a dirig\u00e9 la formation<br \/>\nparisienne de 2016 \u00e0 2018.<\/p>\n<p>Apr\u00e8s la victoire des siens face aux Belges, il n\u2019a pas manqu\u00e9<br \/>\nd\u2019\u00e9voquer la, future double confrontation face \u00e0 son ancienne<br \/>\n\u00e9quipe. <em>\u00ab\u00a0Pour moi, bien s\u00fbr, jouer contre le PSG est<br \/>\nsp\u00e9cial. Depuis, je ne suis pas retourn\u00e9 m\u2019asseoir sur un banc \u00e0<br \/>\nParis, et l\u00e0 je vais y revenir, c\u2019est fantastique,\u00a0\u00bb<\/em><br \/>\na-t-il lanc\u00e9.<\/p>\n<blockquote class=\"twitter-tweet\"><p><a class=\"twitter-link\" rel=\"noindex, nofollow\" href=\"https:\/\/twitter.com\/CanalSupporters\/status\/1900135603124974064\"\/><\/p><\/blockquote>\n<h2><strong>Emery retrouve Luis Enrique<\/strong><\/h2>\n<p>En plus de retrouver le PSG les 9 et 15 avril prochain, l\u2019ancien<br \/>\nparisien va \u00e9galement recroiser la route de Luis Enrique. Les deux<br \/>\nhommes s\u2019\u00e9taient affront\u00e9s lors du fameux PSG \u2013 Barcelone lors de<br \/>\nla saison 2016-2017.\u00a0 L\u2019actuel manager parisien avait gagn\u00e9<br \/>\nson duel face au Basque qui n\u2019avait pas su confirmer le succ\u00e8s au<br \/>\nmatch aller (4 buts \u00e0 0) au match retour (d\u00e9faite 6 buts \u00e0 1).<\/p>\n<p>La premi\u00e8re manche se d\u00e9roule au Parc des Princes le 9 avril et<br \/>\nla deuxi\u00e8me le 15 sur la pelouse de Villa Park. Les deux managers<br \/>\nespagnols donneront tout pour envoyer leur \u00e9quipe dans le dernier<br \/>\ncarr\u00e9 de la comp\u00e9tition.<\/p>\n<\/div>\n<p><script async src=\"\/\/platform.twitter.com\/widgets.js\" charset=\"utf-8\"><\/script><br \/>\n<br \/>[ad_2]\n<br \/><a href=\"https:\/\/www.football365.fr\/cest-special-emery-evoque-ses-retrouvailles-avec-le-psg-10230545.html?utm_source=rss_feed&#038;utm_medium=link&#038;utm_campaign=unknown\">Source link <\/a><\/p>\n","protected":false},"excerpt":{"rendered":"<p>[ad_1] C&rsquo;est officiel, le Paris Saint-Germain connait enfin son adversaire pour les quarts de finale de la Ligue des Champions. Ce sera le club anglais d&rsquo;Aston Villa qui tentera de faire d\u00e9jouer le club de la capitale. Ce mercredi soir, les Villans ont largement \u00e9cart\u00e9 le Club Bruges sur le score de 3 buts \u00e0 &hellip;<\/p>\n","protected":false},"author":1,"featured_media":94881,"comment_status":"open","ping_status":"open","sticky":false,"template":"","format":"standard","meta":{"_seopress_robots_primary_cat":"0","_seopress_titles_title":"","_seopress_titles_desc":"","_seopress_robots_index":"","_jetpack_memberships_contains_paid_content":false,"footnotes":""},"categories":[350],"tags":[],"class_list":["post-94880","post","type-post","status-publish","format-standard","has-post-thumbnail","hentry","category-sport"],"jetpack_featured_media_url":"https:\/\/tunimedia.tn\/fr\/wp-content\/uploads\/2025\/03\/ICONSPORT_254554_0175-1.jpg","jetpack_sharing_enabled":true,"amp_enabled":true,"_links":{"self":[{"href":"https:\/\/tunimedia.tn\/fr\/wp-json\/wp\/v2\/posts\/94880","targetHints":{"allow":["GET"]}}],"collection":[{"href":"https:\/\/tunimedia.tn\/fr\/wp-json\/wp\/v2\/posts"}],"about":[{"href":"https:\/\/tunimedia.tn\/fr\/wp-json\/wp\/v2\/types\/post"}],"author":[{"embeddable":true,"href":"https:\/\/tunimedia.tn\/fr\/wp-json\/wp\/v2\/users\/1"}],"replies":[{"embeddable":true,"href":"https:\/\/tunimedia.tn\/fr\/wp-json\/wp\/v2\/comments?post=94880"}],"version-history":[{"count":0,"href":"https:\/\/tunimedia.tn\/fr\/wp-json\/wp\/v2\/posts\/94880\/revisions"}],"wp:featuredmedia":[{"embeddable":true,"href":"https:\/\/tunimedia.tn\/fr\/wp-json\/wp\/v2\/media\/94881"}],"wp:attachment":[{"href":"https:\/\/tunimedia.tn\/fr\/wp-json\/wp\/v2\/media?parent=94880"}],"wp:term":[{"taxonomy":"category","embeddable":true,"href":"https:\/\/tunimedia.tn\/fr\/wp-json\/wp\/v2\/categories?post=94880"},{"taxonomy":"post_tag","embeddable":true,"href":"https:\/\/tunimedia.tn\/fr\/wp-json\/wp\/v2\/tags?post=94880"}],"curies":[{"name":"wp","href":"https:\/\/api.w.org\/{rel}","templated":true}]}}