{"id":9246,"date":"2021-06-25T11:57:10","date_gmt":"2021-06-25T11:57:10","guid":{"rendered":"https:\/\/www.tunimedia.tn\/fr\/domenech-perd-ses-nerfs-cest-comme-le-gouvernement\/"},"modified":"2021-06-25T11:57:10","modified_gmt":"2021-06-25T11:57:10","slug":"domenech-perd-ses-nerfs-cest-comme-le-gouvernement","status":"publish","type":"post","link":"https:\/\/tunimedia.tn\/fr\/domenech-perd-ses-nerfs-cest-comme-le-gouvernement\/","title":{"rendered":"Domenech perd ses nerfs : \u00ab\u00a0C&rsquo;est comme le gouvernement&#8230;\u00a0\u00bb"},"content":{"rendered":"<p> [ad_1]\n<\/p>\n<p>\nLa d\u00e9cision de l&rsquo;UEFA de mettre fin \u00e0 la r\u00e8gle du but \u00e0 l&rsquo;ext\u00e9rieur dans les grandes comp\u00e9titions fait beaucoup r\u00e9agir. A commencer par Raymond Domenech. <\/p>\n<div>\n<p>Annonc\u00e9e en plein milieu de l\u2019<strong><a href=\"https:\/\/www.football365.fr\/autres-competitions-football\/europe-autres-competitions-football\/euro-2020-europe-autres-competitions-football\" target=\"_blank\" rel=\"noopener\">Euro<\/a><\/strong> par l\u2019UEFA, la <strong><a href=\"https:\/\/www.football365.fr\/luefa-annonce-fin-buts-a-lexterieur-9974558.html\" target=\"_blank\" rel=\"noopener\">suppression de la r\u00e8gle du but \u00e0 l\u2019ext\u00e9rieur<\/a><\/strong>, cr\u00e9\u00e9e en 1965, fait \u00e9norm\u00e9ment r\u00e9agir. D\u2019un c\u00f4t\u00e9 ceux qui sont ravis de ce changement. Au centre, ceux qui attendent de voir. Et de l\u2019autre c\u00f4t\u00e9, les farouches opposants \u00e0 la d\u00e9cision de l\u2019instance europ\u00e9enne de football. Dans cette troisi\u00e8me cat\u00e9gorie, Raymond Domenech n\u2019est pas le dernier \u00e0 pester contre cette modification.<\/p>\n<blockquote>\n<p><strong>Voir aussi : <a title=\"Pogba fait flancher l'UEFA\" href=\"https:\/\/www.football365.fr\/equipe-de-france-paul-pogba-son-geste-fait-flancher-luefa-9974665.html\" target=\"_blank\" rel=\"noopener\">Pogba fait flancher l\u2019UEFA<\/a><\/strong><\/p>\n<\/blockquote>\n<p>Avec des mots cinglants, l\u2019ancien s\u00e9lectionneur tricolore a r\u00e9agi au micro de la cha\u00eene <em>L\u2019\u00c9quipe<\/em> : \u00ab\u00a0<em>C\u2019est scandaleux. <strong>C\u2019est scandaleux et \u00e7a n\u2019a pas de sens. C\u2019\u00e9tait un vrai spectacle<\/strong>, le fait d\u2019avoir ces buts \u00e0 domicile et \u00e0 l\u2019ext\u00e9rieur. Qu\u2019est-ce qu\u2019on faisait avant quand on allait jouer \u00e0 l\u2019ext\u00e9rieur en match de coupe\u00a0? Si jamais on marque un but, \u00e7a veut dire qu\u2019on va \u00eatre pas mal. Donc on jouait. <strong>Maintenant le premier match ne va servir \u00e0 rien. On va tout fermer, on va tout verrouiller<\/strong> en se disant<\/em> \u2018on verra le deuxi\u00e8me match, on joue chez nous\u2019.\u00a0\u00bb<\/p>\n<h2><span style=\"color: #ff0000;\">\u00ab\u00a0<em>Je suis totalement contre<\/em>\u00ab\u00a0<\/span><\/h2>\n<p>Et le compagnon d\u2019Estelle Denis de s\u2019en prendre aux dirigeants de l\u2019UEFA : \u00ab <em><strong>Je suis totalement contre, c\u2019est aberrant. Ils ne r\u00e9fl\u00e9chissent pas au spectacle.<\/strong> C\u2019est quoi l\u2019\u00e9quit\u00e9\u00a0? Avant \u00e7a donnait du piment, \u00e7a donnait quelque chose, \u00e7a donnait de l\u2019animation. <strong>L\u00e0, maintenant, les premiers matchs je ne vais m\u00eame pas les regarder.<\/strong> J\u2019attendrai le match retour pour regarder.\u00a0<\/em>\u00bb Particuli\u00e8rement tendu, Raymond Domenech en a termin\u00e9 par une comparaison avec le monde politique : \u00ab\u00a0<strong><em>\u00c7a n\u2019a pas de sens. C\u2019est comme le gouvernement qui passe les lois au mois d\u2019ao\u00fbt quand il n\u2019y a personne. Ils ont fait pareil pendant l\u2019Euro.<\/em><\/strong>\u00a0\u00bb<\/p>\n<p><strong>A lire aussi : &gt;&gt;&gt; <a title=\"Benzema explique pourquoi il n'a pas laiss\u00e9 tirer Griezmann\" href=\"https:\/\/www.football365.fr\/benzema-maitre-absolu-penaltys-9974524.html\">Benzema explique pourquoi il n&rsquo;a pas laiss\u00e9 tirer Griezmann<\/a><\/strong> <\/div>\n[ad_2]\n<br \/><a href=\"https:\/\/www.football365.fr\/domenech-perd-ses-nerfs-cest-comme-le-gouvernement-9974669.html\">Source link <\/a><\/p>\n","protected":false},"excerpt":{"rendered":"<p>[ad_1] La d\u00e9cision de l&rsquo;UEFA de mettre fin \u00e0 la r\u00e8gle du but \u00e0 l&rsquo;ext\u00e9rieur dans les grandes comp\u00e9titions fait beaucoup r\u00e9agir. A commencer par Raymond Domenech. Annonc\u00e9e en plein milieu de l\u2019Euro par l\u2019UEFA, la suppression de la r\u00e8gle du but \u00e0 l\u2019ext\u00e9rieur, cr\u00e9\u00e9e en 1965, fait \u00e9norm\u00e9ment r\u00e9agir. D\u2019un c\u00f4t\u00e9 ceux qui sont &hellip;<\/p>\n","protected":false},"author":1,"featured_media":9247,"comment_status":"open","ping_status":"open","sticky":false,"template":"","format":"standard","meta":{"_seopress_robots_primary_cat":"","_seopress_titles_title":"","_seopress_titles_desc":"","_seopress_robots_index":"","_jetpack_memberships_contains_paid_content":false,"footnotes":""},"categories":[350],"tags":[],"class_list":["post-9246","post","type-post","status-publish","format-standard","has-post-thumbnail","hentry","category-sport"],"jetpack_featured_media_url":"https:\/\/tunimedia.tn\/fr\/wp-content\/uploads\/2021\/06\/Raymond-Domenech-Nantes.jpg","jetpack_sharing_enabled":true,"amp_enabled":true,"_links":{"self":[{"href":"https:\/\/tunimedia.tn\/fr\/wp-json\/wp\/v2\/posts\/9246","targetHints":{"allow":["GET"]}}],"collection":[{"href":"https:\/\/tunimedia.tn\/fr\/wp-json\/wp\/v2\/posts"}],"about":[{"href":"https:\/\/tunimedia.tn\/fr\/wp-json\/wp\/v2\/types\/post"}],"author":[{"embeddable":true,"href":"https:\/\/tunimedia.tn\/fr\/wp-json\/wp\/v2\/users\/1"}],"replies":[{"embeddable":true,"href":"https:\/\/tunimedia.tn\/fr\/wp-json\/wp\/v2\/comments?post=9246"}],"version-history":[{"count":0,"href":"https:\/\/tunimedia.tn\/fr\/wp-json\/wp\/v2\/posts\/9246\/revisions"}],"wp:featuredmedia":[{"embeddable":true,"href":"https:\/\/tunimedia.tn\/fr\/wp-json\/wp\/v2\/media\/9247"}],"wp:attachment":[{"href":"https:\/\/tunimedia.tn\/fr\/wp-json\/wp\/v2\/media?parent=9246"}],"wp:term":[{"taxonomy":"category","embeddable":true,"href":"https:\/\/tunimedia.tn\/fr\/wp-json\/wp\/v2\/categories?post=9246"},{"taxonomy":"post_tag","embeddable":true,"href":"https:\/\/tunimedia.tn\/fr\/wp-json\/wp\/v2\/tags?post=9246"}],"curies":[{"name":"wp","href":"https:\/\/api.w.org\/{rel}","templated":true}]}}