{"id":91555,"date":"2025-01-26T10:46:32","date_gmt":"2025-01-26T10:46:32","guid":{"rendered":"https:\/\/www.tunimedia.tn\/fr\/cest-beau-a-voir-lhommage-dune-legende-du-football-africain-a-cr7\/"},"modified":"2025-01-26T10:46:32","modified_gmt":"2025-01-26T10:46:32","slug":"cest-beau-a-voir-lhommage-dune-legende-du-football-africain-a-cr7","status":"publish","type":"post","link":"https:\/\/tunimedia.tn\/fr\/cest-beau-a-voir-lhommage-dune-legende-du-football-africain-a-cr7\/","title":{"rendered":"\u00ab\u00a0C\u2019est beau \u00e0 voir\u00a0\u00bb, l&rsquo;hommage d&rsquo;une l\u00e9gende du football africain \u00e0 CR7 !"},"content":{"rendered":"<p> [ad_1]\n<br \/><img decoding=\"async\" src=\"https:\/\/cdn.football365.fr\/wp-content\/uploads\/se\/2025\/01\/ICONSPORT_250380_0040-1.jpg\" \/><\/p>\n<p>\n\t\t\t\tD\u00e9sormais retrait\u00e9 depuis le 23 mars 2023,  Emmanuel Adebayor a fait partie des meilleurs attaquants de sa g\u00e9n\u00e9ration. Le Togolais a marqu\u00e9 le football africain de son empreinte durant toute sa carri\u00e8re.\t\t\t<\/p>\n<div>\n<p>L\u2019homme de 41 ans a jou\u00e9 dans les plus grands clubs europ\u00e9ens comme Arsenal, Manchester City mais surtout le Real Madrid lors de la saison 2010-2011 ou il avait \u00e9t\u00e9 pr\u00eat\u00e9 pendant 6 mois par le club mancunien.<\/p>\n<p>Durant son passage madril\u00e8ne, il a c\u00f4toy\u00e9 les plus grands champions. Et comme plusieurs joueurs, il a \u00e9t\u00e9 marqu\u00e9 par Cristiano Ronaldo. Lors d\u2019un entretien accord\u00e9 au m\u00e9dia <em>Relevo<\/em>, l\u2019ancien capitaine du Togo n\u2019a pas manqu\u00e9 d\u2019adresser des compliments \u00e0 la star portugaise en louant son professionnalisme et sa long\u00e9vit\u00e9.<\/p>\n<blockquote class=\"twitter-tweet\"><p>\n\t<a class=\"twitter-link\" rel=\"noindex, nofollow\" href=\"https:\/\/twitter.com\/brfootball\/status\/1638305287139360776\"\/>\n\t<\/p><\/blockquote>\n<p>\u00ab\u00a0<em>L\u2019entra\u00eenement commen\u00e7ait \u00e0 10h30 et toi, tu arrives \u00e0 7h30. Pour faire quoi ? Trois ou quatre heures avant. Je me suis dit de le laisser dans son monde, pour qu\u2019il profite du football et de sa carri\u00e8re. Et aujourd\u2019hui, il a 41 ans, il est toujours au top, jouant au football, au sommet\u2026 C\u2019est tout simplement beau \u00e0 voir. Un grand exemple. Pour moi, avoir l\u2019opportunit\u00e9 de jouer avec lui, m\u00eame si ce n\u2019est que six mois\u2026 Et il sait le respect que j\u2019ai pour son mental, pour la personne, pour le caract\u00e8re qu\u2019il a. Il voulait toujours \u00eatre le meilleur. Et pour moi, c\u2019est incroyable,\u00a0\u00bb <\/em>a-t-il lanc\u00e9. Des propos qui devraient faire plaisir au principal int\u00e9ress\u00e9.<\/p>\n<\/p><\/div>\n<p><script async src=\"\/\/platform.twitter.com\/widgets.js\" charset=\"utf-8\"><\/script><br \/>\n<br \/>[ad_2]\n<br \/><a href=\"https:\/\/www.football365.fr\/cest-beau-a-voir-lhommage-dune-legende-du-football-africain-a-cr7-10223928.html?utm_source=rss_feed&#038;utm_medium=link&#038;utm_campaign=unknown\">Source link <\/a><\/p>\n","protected":false},"excerpt":{"rendered":"<p>[ad_1] D\u00e9sormais retrait\u00e9 depuis le 23 mars 2023, Emmanuel Adebayor a fait partie des meilleurs attaquants de sa g\u00e9n\u00e9ration. Le Togolais a marqu\u00e9 le football africain de son empreinte durant toute sa carri\u00e8re. L\u2019homme de 41 ans a jou\u00e9 dans les plus grands clubs europ\u00e9ens comme Arsenal, Manchester City mais surtout le Real Madrid lors &hellip;<\/p>\n","protected":false},"author":1,"featured_media":91556,"comment_status":"open","ping_status":"open","sticky":false,"template":"","format":"standard","meta":{"_seopress_robots_primary_cat":"0","_seopress_titles_title":"","_seopress_titles_desc":"","_seopress_robots_index":"","_jetpack_memberships_contains_paid_content":false,"footnotes":""},"categories":[350],"tags":[],"class_list":["post-91555","post","type-post","status-publish","format-standard","has-post-thumbnail","hentry","category-sport"],"jetpack_featured_media_url":"https:\/\/tunimedia.tn\/fr\/wp-content\/uploads\/2025\/01\/ICONSPORT_250380_0040-1.jpg","jetpack_sharing_enabled":true,"amp_enabled":true,"_links":{"self":[{"href":"https:\/\/tunimedia.tn\/fr\/wp-json\/wp\/v2\/posts\/91555","targetHints":{"allow":["GET"]}}],"collection":[{"href":"https:\/\/tunimedia.tn\/fr\/wp-json\/wp\/v2\/posts"}],"about":[{"href":"https:\/\/tunimedia.tn\/fr\/wp-json\/wp\/v2\/types\/post"}],"author":[{"embeddable":true,"href":"https:\/\/tunimedia.tn\/fr\/wp-json\/wp\/v2\/users\/1"}],"replies":[{"embeddable":true,"href":"https:\/\/tunimedia.tn\/fr\/wp-json\/wp\/v2\/comments?post=91555"}],"version-history":[{"count":0,"href":"https:\/\/tunimedia.tn\/fr\/wp-json\/wp\/v2\/posts\/91555\/revisions"}],"wp:featuredmedia":[{"embeddable":true,"href":"https:\/\/tunimedia.tn\/fr\/wp-json\/wp\/v2\/media\/91556"}],"wp:attachment":[{"href":"https:\/\/tunimedia.tn\/fr\/wp-json\/wp\/v2\/media?parent=91555"}],"wp:term":[{"taxonomy":"category","embeddable":true,"href":"https:\/\/tunimedia.tn\/fr\/wp-json\/wp\/v2\/categories?post=91555"},{"taxonomy":"post_tag","embeddable":true,"href":"https:\/\/tunimedia.tn\/fr\/wp-json\/wp\/v2\/tags?post=91555"}],"curies":[{"name":"wp","href":"https:\/\/api.w.org\/{rel}","templated":true}]}}