{"id":8715,"date":"2021-06-18T14:33:26","date_gmt":"2021-06-18T14:33:26","guid":{"rendered":"https:\/\/www.tunimedia.tn\/fr\/mbappe-reste-au-psg-avec-un-autre-galactique-des-bleus\/"},"modified":"2021-06-18T14:33:26","modified_gmt":"2021-06-18T14:33:26","slug":"mbappe-reste-au-psg-avec-un-autre-galactique-des-bleus","status":"publish","type":"post","link":"https:\/\/tunimedia.tn\/fr\/mbappe-reste-au-psg-avec-un-autre-galactique-des-bleus\/","title":{"rendered":"Mbapp\u00e9 reste au PSG avec un autre galactique des Bleus !"},"content":{"rendered":"<p> [ad_1]\n<\/p>\n<p>\nSi l&rsquo;hypoth\u00e8se d&rsquo;une prolongation de Kylian Mbapp\u00e9 au PSG prend de l&rsquo;\u00e9paisseur, celle d&rsquo;un retour de Kingsley Coman est \u00e9galement \u00e9voqu\u00e9e. <\/p>\n<div>\n<p>Kylian Mbapp\u00e9 s\u2019est montr\u00e9 tr\u00e8s clair lors de son dernier point presse : il n\u2019a jamais r\u00e9clam\u00e9 ou conseill\u00e9 des noms \u00e0 Nasser Al-Khela\u00effi ou Leonardo pour le mercato estival. Une mise au point comme une r\u00e9ponse aux rumeurs concernant les n\u00e9gociations pour sa prolongation de contrat, conditionn\u00e9e par la valeur du projet sportif. <strong>Reste qu\u2019\u00e0 ce niveau-l\u00e0, justement le Paris Saint-Germain donne des r\u00e9ponses<\/strong>. Le milieu de terrain n\u00e9erlandais Georginio Wijnaldum s\u2019est engag\u00e9. Le gardien de but italien Gianluigi Donnarumma suivra. Et d\u2019autres noms ronflants sont annonc\u00e9s, de Paul Pogba \u00e0 Manuel Locatelli. Mais c\u2019est un autre joueur de l\u2019\u00e9quipe de France que Kylian Mbapp\u00e9 pourrait retrouver s\u2019il prolonge bien son aventure dans la capitale.<\/p>\n<p><strong>A lire aussi \u2013 <a href=\"https:\/\/www.football365.fr\/marie-portolano-denonce-moment-plus-stressant-de-vie-9973241.html\">Marie Portolano d\u00e9nonce une moquerie de Deschamps<\/a><\/strong><\/p>\n<h2><span style=\"color: #ff0000;\">Coman, retour au PSG par la grande porte ?<\/span><\/h2>\n<p>Selon les informations de <em>Don Balon<\/em>, <strong>le Paris Saint-Germain aurait pris des renseignements pour un retour de Kingsley Coman<\/strong>. Pour produit du centre de formation du club, l\u2019attaquant international fran\u00e7ais avait quitt\u00e9 Paris tr\u00e8s t\u00f4t pour la Juventus, avant de rejoindre le Bayern Munich dans la suite de sa carri\u00e8re. Mais alors que son bail en Bavi\u00e8re expire dans deux ans, le virevoltant ailier n\u2019a toujours pas rempil\u00e9. Une situation qui agace la direction du Bayern, Oli Hoeness en t\u00eate. \u00ab\u00a0Je pense que les limites \u00e9conomiques ne seront pas d\u00e9pass\u00e9es ici. L\u2019offre soumise \u00e0 Coman est bonne. S\u2019il ne l\u2019accepte pas \u00e0 la fin, alors il faudra \u00eatre coh\u00e9rent en tant que club\u00a0\u00bb, a tonn\u00e9 le pr\u00e9sident d\u2019honneur du Bayern Munich. Affaire \u00e0 suivre\u2026<\/p>\n<p>\u00a0<\/p>\n<\/div>\n[ad_2]\n<br \/><a href=\"https:\/\/www.football365.fr\/mbappe-reste-au-psg-avec-un-autre-galactique-des-bleus-9973456.html\">Source link <\/a><\/p>\n","protected":false},"excerpt":{"rendered":"<p>[ad_1] Si l&rsquo;hypoth\u00e8se d&rsquo;une prolongation de Kylian Mbapp\u00e9 au PSG prend de l&rsquo;\u00e9paisseur, celle d&rsquo;un retour de Kingsley Coman est \u00e9galement \u00e9voqu\u00e9e. Kylian Mbapp\u00e9 s\u2019est montr\u00e9 tr\u00e8s clair lors de son dernier point presse : il n\u2019a jamais r\u00e9clam\u00e9 ou conseill\u00e9 des noms \u00e0 Nasser Al-Khela\u00effi ou Leonardo pour le mercato estival. Une mise au &hellip;<\/p>\n","protected":false},"author":1,"featured_media":7824,"comment_status":"open","ping_status":"open","sticky":false,"template":"","format":"standard","meta":{"_seopress_robots_primary_cat":"","_seopress_titles_title":"","_seopress_titles_desc":"","_seopress_robots_index":"","_jetpack_memberships_contains_paid_content":false,"footnotes":""},"categories":[350],"tags":[],"class_list":["post-8715","post","type-post","status-publish","format-standard","has-post-thumbnail","hentry","category-sport"],"jetpack_featured_media_url":"https:\/\/tunimedia.tn\/fr\/wp-content\/uploads\/2021\/06\/Kylian-Mbappe-France-Pays-de-Galles1.jpg","jetpack_sharing_enabled":true,"amp_enabled":true,"_links":{"self":[{"href":"https:\/\/tunimedia.tn\/fr\/wp-json\/wp\/v2\/posts\/8715","targetHints":{"allow":["GET"]}}],"collection":[{"href":"https:\/\/tunimedia.tn\/fr\/wp-json\/wp\/v2\/posts"}],"about":[{"href":"https:\/\/tunimedia.tn\/fr\/wp-json\/wp\/v2\/types\/post"}],"author":[{"embeddable":true,"href":"https:\/\/tunimedia.tn\/fr\/wp-json\/wp\/v2\/users\/1"}],"replies":[{"embeddable":true,"href":"https:\/\/tunimedia.tn\/fr\/wp-json\/wp\/v2\/comments?post=8715"}],"version-history":[{"count":0,"href":"https:\/\/tunimedia.tn\/fr\/wp-json\/wp\/v2\/posts\/8715\/revisions"}],"wp:featuredmedia":[{"embeddable":true,"href":"https:\/\/tunimedia.tn\/fr\/wp-json\/wp\/v2\/media\/7824"}],"wp:attachment":[{"href":"https:\/\/tunimedia.tn\/fr\/wp-json\/wp\/v2\/media?parent=8715"}],"wp:term":[{"taxonomy":"category","embeddable":true,"href":"https:\/\/tunimedia.tn\/fr\/wp-json\/wp\/v2\/categories?post=8715"},{"taxonomy":"post_tag","embeddable":true,"href":"https:\/\/tunimedia.tn\/fr\/wp-json\/wp\/v2\/tags?post=8715"}],"curies":[{"name":"wp","href":"https:\/\/api.w.org\/{rel}","templated":true}]}}