{"id":83763,"date":"2024-10-13T16:38:47","date_gmt":"2024-10-13T16:38:47","guid":{"rendered":"https:\/\/www.tunimedia.tn\/fr\/barca-lamine-yamal-cest-termine\/"},"modified":"2024-10-13T16:38:47","modified_gmt":"2024-10-13T16:38:47","slug":"barca-lamine-yamal-cest-termine","status":"publish","type":"post","link":"https:\/\/tunimedia.tn\/fr\/barca-lamine-yamal-cest-termine\/","title":{"rendered":"Bar\u00e7a : Lamine Yamal, c&rsquo;est termin\u00e9"},"content":{"rendered":"<p> [ad_1]\n<br \/><img decoding=\"async\" src=\"https:\/\/cdn.football365.fr\/wp-content\/uploads\/se\/2024\/09\/ICONSPORT_238893_0062.jpg\" \/><\/p>\n<p>Samedi, lors de la victoire de l&rsquo;Espagne<br \/>\ncontre le Danemark, Lamine Yamal a \u00e9t\u00e9 victime d&rsquo;un coup dur.<\/p>\n<div>\n<p>Il a \u00e9t\u00e9 vu en train de boiter apr\u00e8s le match \u00e0 Murcie et les<br \/>\nexamens visant \u00e0 d\u00e9terminer la gravit\u00e9 de sa blessure sont<br \/>\nd\u00e9sormais termin\u00e9s.<\/p>\n<p>Le FC Barcelone exige que Lamine Yamal soit lib\u00e9r\u00e9 de l\u2019\u00e9quipe<br \/>\nd\u2019Espagne et qu\u2019il revienne en Catalogne, et les dirigeants<br \/>\ncatalans vont obtenir ce qu\u2019ils d\u00e9sirent. Comme l\u2019a rapport\u00e9 MD, le<br \/>\njoueur de 17 ans a \u00e9t\u00e9 \u00e9cart\u00e9 du match de mardi contre la Serbie et<br \/>\nil retournera en club avec effet imm\u00e9diat.<\/p>\n<h2>Le Bar\u00e7a exige son retour<\/h2>\n<p>Lamine Yamal a subi une surcharge de travail et il a \u00e9t\u00e9 d\u00e9cid\u00e9<br \/>\nde ne pas prendre de risque. Barcelone sera absolument ravi,<br \/>\nd\u2019autant que le probl\u00e8me ne semble \u00eatre que mineur.<\/p>\n<p>Lamine Yamal va maintenant avoir la possibilit\u00e9 de se reposer<br \/>\ndans les prochains jours. Pour l\u2019instant, il reste \u00e0 voir s\u2019il peut<br \/>\njouer pour Barcelone contre S\u00e9ville le week-end prochain, m\u00eame s\u2019il<br \/>\nne devrait pas y avoir de probl\u00e8me avec sa disponibilit\u00e9 contre le<br \/>\nBayern Munich et le Real Madrid.<\/p>\n<aside class=\"bloc_resume_post\">\n<h2 class=\"bloc_resume_post_title\">EN BREF<\/h2>\n<ul class=\"bloc_resume_post_list\">\n<li>Apr\u00e8s le match \u00e0 Murcie, Lamine Yamal, joueur de 17 ans du FC<br \/>\nBarcelone, a \u00e9t\u00e9 vu en train de boiter, ce qui a conduit \u00e0 des<br \/>\nexamens m\u00e9dicaux.<\/li>\n<li>Le FC Barcelone a demand\u00e9 et obtenu que Lamine Yamal soit<br \/>\nlib\u00e9r\u00e9 de l&rsquo;\u00e9quipe d&rsquo;Espagne suite \u00e0 une surcharge de travail,<br \/>\nl&rsquo;\u00e9cartant du match contre la Serbie.<\/li>\n<li>Lamine Yamal retournera en Catalogne pour se reposer, et sa<br \/>\ndisponibilit\u00e9 pour les prochains matchs contre S\u00e9ville, le Bayern<br \/>\nMunich et le Real Madrid reste positive.<\/li>\n<\/ul>\n<\/aside>\n<\/div>\n[ad_2]\n<br \/><a href=\"https:\/\/www.football365.fr\/lamine-yamal-cest-termine-10207075.html?utm_source=rss_feed&#038;utm_medium=link&#038;utm_campaign=unknown\">Source link <\/a><\/p>\n","protected":false},"excerpt":{"rendered":"<p>[ad_1] Samedi, lors de la victoire de l&rsquo;Espagne contre le Danemark, Lamine Yamal a \u00e9t\u00e9 victime d&rsquo;un coup dur. Il a \u00e9t\u00e9 vu en train de boiter apr\u00e8s le match \u00e0 Murcie et les examens visant \u00e0 d\u00e9terminer la gravit\u00e9 de sa blessure sont d\u00e9sormais termin\u00e9s. Le FC Barcelone exige que Lamine Yamal soit lib\u00e9r\u00e9 &hellip;<\/p>\n","protected":false},"author":1,"featured_media":82361,"comment_status":"open","ping_status":"open","sticky":false,"template":"","format":"standard","meta":{"_seopress_robots_primary_cat":"","_seopress_titles_title":"","_seopress_titles_desc":"","_seopress_robots_index":"","_jetpack_memberships_contains_paid_content":false,"footnotes":""},"categories":[350],"tags":[],"class_list":["post-83763","post","type-post","status-publish","format-standard","has-post-thumbnail","hentry","category-sport"],"jetpack_featured_media_url":"https:\/\/tunimedia.tn\/fr\/wp-content\/uploads\/2024\/09\/ICONSPORT_238893_0062.jpg","jetpack_sharing_enabled":true,"amp_enabled":true,"_links":{"self":[{"href":"https:\/\/tunimedia.tn\/fr\/wp-json\/wp\/v2\/posts\/83763","targetHints":{"allow":["GET"]}}],"collection":[{"href":"https:\/\/tunimedia.tn\/fr\/wp-json\/wp\/v2\/posts"}],"about":[{"href":"https:\/\/tunimedia.tn\/fr\/wp-json\/wp\/v2\/types\/post"}],"author":[{"embeddable":true,"href":"https:\/\/tunimedia.tn\/fr\/wp-json\/wp\/v2\/users\/1"}],"replies":[{"embeddable":true,"href":"https:\/\/tunimedia.tn\/fr\/wp-json\/wp\/v2\/comments?post=83763"}],"version-history":[{"count":0,"href":"https:\/\/tunimedia.tn\/fr\/wp-json\/wp\/v2\/posts\/83763\/revisions"}],"wp:featuredmedia":[{"embeddable":true,"href":"https:\/\/tunimedia.tn\/fr\/wp-json\/wp\/v2\/media\/82361"}],"wp:attachment":[{"href":"https:\/\/tunimedia.tn\/fr\/wp-json\/wp\/v2\/media?parent=83763"}],"wp:term":[{"taxonomy":"category","embeddable":true,"href":"https:\/\/tunimedia.tn\/fr\/wp-json\/wp\/v2\/categories?post=83763"},{"taxonomy":"post_tag","embeddable":true,"href":"https:\/\/tunimedia.tn\/fr\/wp-json\/wp\/v2\/tags?post=83763"}],"curies":[{"name":"wp","href":"https:\/\/api.w.org\/{rel}","templated":true}]}}