{"id":73701,"date":"2023-12-01T14:02:03","date_gmt":"2023-12-01T14:02:03","guid":{"rendered":"http:\/\/www.tunimedia.tn\/fr\/threads-pourrait-enfin-debarquer-en-europe-en-decembre\/"},"modified":"2023-12-01T14:02:03","modified_gmt":"2023-12-01T14:02:03","slug":"threads-pourrait-enfin-debarquer-en-europe-en-decembre","status":"publish","type":"post","link":"https:\/\/tunimedia.tn\/fr\/threads-pourrait-enfin-debarquer-en-europe-en-decembre\/","title":{"rendered":"Threads pourrait enfin d\u00e9barquer en Europe en d\u00e9cembre"},"content":{"rendered":"<p> [ad_1]\n<\/p>\n<div>\n<p class=\"chapo\">Il faudra cependant se conformer aux r\u00e9glementations de l&rsquo;Union Europ\u00e9enne.<\/p>\n<div class=\"tldr\">\n<h2 id=\"Tldr\" class=\"adn_sommaire\">Tl;dr<\/h2>\n<ul>\n<li>Meta pr\u00e9voit de lancer Threads en Europe en d\u00e9cembre.<\/li>\n<li>Threads est une alternative \u00e0 Twitter, lanc\u00e9e par Elon Musk.<\/li>\n<li>Actuellement, Threads a 73 millions d\u2019utilisateurs actifs.<\/li>\n<li><a title=\"Instagram\" href=\"https:\/\/www.begeek.fr\/instagram\">Instagram<\/a> est intimement li\u00e9 \u00e0 Threads, permettant une inscription rapide.<\/li>\n<\/ul>\n<\/div>\n<p>Selon un rapport du Wall Street Journal, <a href=\"https:\/\/www.begeek.fr\/meta-suspend-les-ventes-du-quest-3-elite-battery-strap-suite-a-un-defaut-de-charge-389608\"><strong>Meta<\/strong><\/a>, connu pour sa gestion des g\u00e9ants des <a title=\"r\u00e9seaux sociaux\" href=\"https:\/\/www.begeek.fr\/reseaux-sociaux\">r\u00e9seaux sociaux<\/a>, Facebook et Instagram, a d\u00e9cid\u00e9 de se conformer aux r\u00e9gulations de l\u2019Union Europ\u00e9enne pour \u00e9tendre son service Threads \u00e0 travers le continent. L\u2019ouverture de Threads \u00e0 l\u2019Europe est pr\u00e9vue pour d\u00e9cembre.<\/p>\n<h2 id=\"Threads-Une-solution-de-rechange-a-Twitter\" class=\"adn_sommaire\">Threads : Une solution de rechange \u00e0 Twitter<\/h2>\n<p>Pour comprendre la puissance de Threads, il faut savoir que ce service a \u00e9t\u00e9 lanc\u00e9 en juillet en tant qu\u2019alternative \u00e0 l\u2019application <em>\u201cX\u201d<\/em>, autre nom de la plateforme mondialement connue, <strong>Twitter<\/strong>. D\u00e9velopp\u00e9 par le visionnaire <strong>Elon Musk<\/strong>, Twitter est devenu un lieu de d\u00e9bats et de controverses. Threads, d\u2019un autre c\u00f4t\u00e9, a atteint 100 millions d\u2019utilisateurs d\u00e8s sa premi\u00e8re semaine, malgr\u00e9 la diminution ult\u00e9rieure de ce chiffre \u00e0 73 millions.<\/p>\n<h2 id=\"Une-percee-en-Europe-pour-Threads\" class=\"adn_sommaire\">Une perc\u00e9e en Europe pour Threads<\/h2>\n<p><a href=\"https:\/\/www.begeek.fr\/threads-ajoute-des-etiquettes-pour-classer-les-posts-facilement-389067\">L\u2019expansion de Threads<\/a> en Europe est une \u00e9tape cruciale pour augmenter l\u2019engagement global du service. N\u00e9anmoins, le rythme de cette croissance reste \u00e0 d\u00e9terminer. En octobre, le PDG de Meta, <a title=\"Mark Zuckerberg\" href=\"https:\/\/www.begeek.fr\/facebook\/mark-zuckerberg\">Mark Zuckerberg<\/a>, a pr\u00e9dit que Threads pourrait atteindre un milliard d\u2019utilisateurs dans les prochaines ann\u00e9es. Un chiffre impressionnant d\u00e9voilant les ambitions \u00e9lev\u00e9es de la plateforme.<\/p>\n<h2 id=\"Un-lien-indissociable-avec-Instagram\" class=\"adn_sommaire\">Un lien indissociable avec Instagram<\/h2>\n<p>Instagram joue un r\u00f4le essentiel dans l\u2019enregistrement \u00e0 Threads. Avec ses deux milliards d\u2019utilisateurs, Instagram a mis huit ans pour atteindre le cap du milliard. Aujourd\u2019hui, il permet une inscription rapide \u00e0 Threads. \u00c0 noter \u00e9galement, la suppression d\u2019un compte Threads n\u2019entra\u00eene plus la suppression du compte Instagram associ\u00e9.<\/p>\n<\/div>\n[ad_2]\n<br \/><a href=\"https:\/\/www.begeek.fr\/threads-pourrait-enfin-debarquer-en-europe-en-decembre-389736\">Source link <\/a><\/p>\n","protected":false},"excerpt":{"rendered":"<p>[ad_1] Il faudra cependant se conformer aux r\u00e9glementations de l&rsquo;Union Europ\u00e9enne. Tl;dr Meta pr\u00e9voit de lancer Threads en Europe en d\u00e9cembre. Threads est une alternative \u00e0 Twitter, lanc\u00e9e par Elon Musk. Actuellement, Threads a 73 millions d\u2019utilisateurs actifs. Instagram est intimement li\u00e9 \u00e0 Threads, permettant une inscription rapide. Selon un rapport du Wall Street Journal, &hellip;<\/p>\n","protected":false},"author":1,"featured_media":63143,"comment_status":"open","ping_status":"open","sticky":false,"template":"","format":"standard","meta":{"_seopress_robots_primary_cat":"","_seopress_titles_title":"","_seopress_titles_desc":"","_seopress_robots_index":"","_jetpack_memberships_contains_paid_content":false,"footnotes":""},"categories":[16,335,19,349,239],"tags":[],"class_list":["post-73701","post","type-post","status-publish","format-standard","has-post-thumbnail","hentry","category-high-tech","category-tie-games","category-mode","category-tech-net","category-web"],"jetpack_featured_media_url":"https:\/\/tunimedia.tn\/fr\/wp-content\/uploads\/2023\/07\/Meta-Threads-1.jpg","jetpack_sharing_enabled":true,"amp_enabled":true,"_links":{"self":[{"href":"https:\/\/tunimedia.tn\/fr\/wp-json\/wp\/v2\/posts\/73701","targetHints":{"allow":["GET"]}}],"collection":[{"href":"https:\/\/tunimedia.tn\/fr\/wp-json\/wp\/v2\/posts"}],"about":[{"href":"https:\/\/tunimedia.tn\/fr\/wp-json\/wp\/v2\/types\/post"}],"author":[{"embeddable":true,"href":"https:\/\/tunimedia.tn\/fr\/wp-json\/wp\/v2\/users\/1"}],"replies":[{"embeddable":true,"href":"https:\/\/tunimedia.tn\/fr\/wp-json\/wp\/v2\/comments?post=73701"}],"version-history":[{"count":0,"href":"https:\/\/tunimedia.tn\/fr\/wp-json\/wp\/v2\/posts\/73701\/revisions"}],"wp:featuredmedia":[{"embeddable":true,"href":"https:\/\/tunimedia.tn\/fr\/wp-json\/wp\/v2\/media\/63143"}],"wp:attachment":[{"href":"https:\/\/tunimedia.tn\/fr\/wp-json\/wp\/v2\/media?parent=73701"}],"wp:term":[{"taxonomy":"category","embeddable":true,"href":"https:\/\/tunimedia.tn\/fr\/wp-json\/wp\/v2\/categories?post=73701"},{"taxonomy":"post_tag","embeddable":true,"href":"https:\/\/tunimedia.tn\/fr\/wp-json\/wp\/v2\/tags?post=73701"}],"curies":[{"name":"wp","href":"https:\/\/api.w.org\/{rel}","templated":true}]}}