{"id":71591,"date":"2023-11-03T12:07:00","date_gmt":"2023-11-03T12:07:00","guid":{"rendered":"http:\/\/www.tunimedia.tn\/fr\/ibrahimovic-deja-de-retour-a-milan-2\/"},"modified":"2023-11-03T12:07:00","modified_gmt":"2023-11-03T12:07:00","slug":"ibrahimovic-deja-de-retour-a-milan-2","status":"publish","type":"post","link":"https:\/\/tunimedia.tn\/fr\/ibrahimovic-deja-de-retour-a-milan-2\/","title":{"rendered":"Ibrahimovic d\u00e9j\u00e0 de retour \u00e0 Milan !"},"content":{"rendered":"<p> [ad_1]\n<\/p>\n<p>\nQuelques mois apr\u00e8s l\u2019avoir quitt\u00e9, Zlatan Ibrahimovic s\u2019appr\u00eate \u00e0 faire son come-back \u00e0 l\u2019AC Milan. <\/p>\n<div>\n<p>Zlatan Ibrahimovic est pr\u00eat \u00e0 revenir \u00e0 l\u2019AC Milan, le club de son c\u0153ur. Non pas en tant que joueur, mais comme membre du staff technique. <\/p>\n<h2>Ibrahimovic ne veut pas d\u2019un r\u00f4le mineur<\/h2>\n<p>Apr\u00e8s avoir pris sa retraite \u00e0 la fin de la saison derni\u00e8re, le Su\u00e9dois est d\u00e9sormais pr\u00eat \u00e0 accepter un poste chez les Rossoneri. La Gazzetta dello Sport affirme que le Milan est pr\u00eat \u00e0 lui donner un r\u00f4le important et non une responsabilit\u00e9 par d\u00e9faut. C\u2019\u00e9tait l\u2019une des pr\u00e9occupations d\u2019Ibrahimovic qui n\u2019avait pas l\u2019intention de revenir pour avoir un r\u00f4le marginal. <\/p>\n<p style=\"padding-left: 40px;\"><strong>Lire aussi \u2013 <a href=\"https:\/\/www.football365.fr\/verratti-devoile-les-noms-de-ses-5-meilleurs-amis-au-psg-10143631.html\">Verratti d\u00e9voile le nom de ses cinq meilleurs amis au PSG<\/a><\/strong><\/p>\n<p>La deuxi\u00e8me demande formul\u00e9e par l\u2019ancien parisien \u00e9tait qu\u2019il travaille en contact \u00e9troit avec l\u2019\u00e9quipe de Stefano Pioli et qu\u2019il fasse partie de la vie quotidienne de Milanello. <\/p>\n<p>Ibra pourrait revenir en tant que manager du club ou en tant qu\u2019agent de liaison avec Pioli, qui fait \u00e9galement le forcing pour que le Scandinave revienne travailler \u00e0 ses c\u00f4t\u00e9s. Il ne resterait qu\u2019un dernier point \u00e0 r\u00e9gler avant d\u2019officialiser le tout : le Su\u00e9dois veut \u00eatre libre de ses affaires m\u00eame une fois revenu \u00e0 Milan. Le juste \u00e9quilibre reste \u00e0 trouver et les parties continuent de n\u00e9gocier sur cet aspect.<\/p>\n<\/div>\n[ad_2]\n<br \/><a href=\"https:\/\/www.football365.fr\/ibrahimovic-deja-de-retour-a-milan-2-10147762.html?utm_source=rss_feed&#038;utm_medium=link&#038;utm_campaign=unknown\">Source link <\/a><\/p>\n","protected":false},"excerpt":{"rendered":"<p>[ad_1] Quelques mois apr\u00e8s l\u2019avoir quitt\u00e9, Zlatan Ibrahimovic s\u2019appr\u00eate \u00e0 faire son come-back \u00e0 l\u2019AC Milan. Zlatan Ibrahimovic est pr\u00eat \u00e0 revenir \u00e0 l\u2019AC Milan, le club de son c\u0153ur. Non pas en tant que joueur, mais comme membre du staff technique. Ibrahimovic ne veut pas d\u2019un r\u00f4le mineur Apr\u00e8s avoir pris sa retraite \u00e0 &hellip;<\/p>\n","protected":false},"author":1,"featured_media":69656,"comment_status":"open","ping_status":"open","sticky":false,"template":"","format":"standard","meta":{"_seopress_robots_primary_cat":"","_seopress_titles_title":"","_seopress_titles_desc":"","_seopress_robots_index":"","_jetpack_memberships_contains_paid_content":false,"footnotes":""},"categories":[350],"tags":[],"class_list":["post-71591","post","type-post","status-publish","format-standard","has-post-thumbnail","hentry","category-sport"],"jetpack_featured_media_url":"https:\/\/tunimedia.tn\/fr\/wp-content\/uploads\/2023\/10\/PANORAMIC_268499_0057-1.jpg","jetpack_sharing_enabled":true,"amp_enabled":true,"_links":{"self":[{"href":"https:\/\/tunimedia.tn\/fr\/wp-json\/wp\/v2\/posts\/71591","targetHints":{"allow":["GET"]}}],"collection":[{"href":"https:\/\/tunimedia.tn\/fr\/wp-json\/wp\/v2\/posts"}],"about":[{"href":"https:\/\/tunimedia.tn\/fr\/wp-json\/wp\/v2\/types\/post"}],"author":[{"embeddable":true,"href":"https:\/\/tunimedia.tn\/fr\/wp-json\/wp\/v2\/users\/1"}],"replies":[{"embeddable":true,"href":"https:\/\/tunimedia.tn\/fr\/wp-json\/wp\/v2\/comments?post=71591"}],"version-history":[{"count":0,"href":"https:\/\/tunimedia.tn\/fr\/wp-json\/wp\/v2\/posts\/71591\/revisions"}],"wp:featuredmedia":[{"embeddable":true,"href":"https:\/\/tunimedia.tn\/fr\/wp-json\/wp\/v2\/media\/69656"}],"wp:attachment":[{"href":"https:\/\/tunimedia.tn\/fr\/wp-json\/wp\/v2\/media?parent=71591"}],"wp:term":[{"taxonomy":"category","embeddable":true,"href":"https:\/\/tunimedia.tn\/fr\/wp-json\/wp\/v2\/categories?post=71591"},{"taxonomy":"post_tag","embeddable":true,"href":"https:\/\/tunimedia.tn\/fr\/wp-json\/wp\/v2\/tags?post=71591"}],"curies":[{"name":"wp","href":"https:\/\/api.w.org\/{rel}","templated":true}]}}