{"id":71353,"date":"2023-10-30T19:26:26","date_gmt":"2023-10-30T19:26:26","guid":{"rendered":"https:\/\/www.tunimedia.tn\/fr\/classement-du-ballon-dor-benzema-humilie\/"},"modified":"2023-10-30T19:26:26","modified_gmt":"2023-10-30T19:26:26","slug":"classement-du-ballon-dor-benzema-humilie","status":"publish","type":"post","link":"https:\/\/tunimedia.tn\/fr\/classement-du-ballon-dor-benzema-humilie\/","title":{"rendered":"Classement du Ballon d&rsquo;Or : Benzema humili\u00e9"},"content":{"rendered":"<p> [ad_1]\n<\/p>\n<p>\nLaur\u00e9at la saison derni\u00e8re, Karim Benzema connait son classement \u00e0 l&rsquo;\u00e9dition actuelle du Ballon d&rsquo;Or. <\/p>\n<div>\n<p>Le classement du Ballon d\u2019Or se d\u00e9voile peu \u00e0 peu ce lundi, alors que la c\u00e9r\u00e9monie a lieu au th\u00e9\u00e2tre Ch\u00e2telet de Paris, o\u00f9 <a href=\"https:\/\/www.football365.fr\/diffusion-tv-horaire-lieu-tout-sur-la-ceremonie-du-ballon-dor-10147070.html\">va \u00eatre remis le troph\u00e9e de l\u2019opus 2023<\/a>. Karim Benzema, laur\u00e9at de l\u2019\u00e9dition 2022, a notamment d\u00e9couvert son classement pour l\u2019\u00e9dition actuelle. Et ce n\u2019est pas glorieux\u2026 <\/p>\n<p><strong>Lire aussi \u2013 <a href=\"https:\/\/www.football365.fr\/ballon-dor-la-reponse-de-benzema-a-linvitation-de-france-football-10147251.html\">Ballon d\u2019Or, la r\u00e9ponse de Benzema \u00e0 l\u2019invitation de France Football<\/a><\/strong> <\/p>\n<p>L\u2019attaquant d\u2019Al-Ittihad (qui \u00e9voluait la saison pass\u00e9e au Real Madrid), se classe ainsi seizi\u00e8me de ce Ballon d\u2019or 2023.<\/p>\n<p>Pour rappel, alors qu\u2019il est tenant du titre et qu\u2019il fait aussi partie des nomm\u00e9s<a href=\"https:\/\/www.football365.fr\/ballon-dor-la-reponse-de-benzema-a-linvitation-de-france-football-10147251.html\">, l\u2019ancien international tricolore a choisi de ne pas se rendre \u00e0 la c\u00e9r\u00e9monie<\/a>. <\/p>\n<p>Le buteur de 35 ans a pris sa retraite internationale apr\u00e8s la Coupe du monde 2022 au Qatar.<\/p>\n<\/div>\n[ad_2]\n<br \/><a href=\"https:\/\/www.football365.fr\/classement-du-ballon-dor-benzema-humilie-10147320.html?utm_source=rss_feed&#038;utm_medium=link&#038;utm_campaign=unknown\">Source link <\/a><\/p>\n","protected":false},"excerpt":{"rendered":"<p>[ad_1] Laur\u00e9at la saison derni\u00e8re, Karim Benzema connait son classement \u00e0 l&rsquo;\u00e9dition actuelle du Ballon d&rsquo;Or. Le classement du Ballon d\u2019Or se d\u00e9voile peu \u00e0 peu ce lundi, alors que la c\u00e9r\u00e9monie a lieu au th\u00e9\u00e2tre Ch\u00e2telet de Paris, o\u00f9 va \u00eatre remis le troph\u00e9e de l\u2019opus 2023. Karim Benzema, laur\u00e9at de l\u2019\u00e9dition 2022, a &hellip;<\/p>\n","protected":false},"author":1,"featured_media":71354,"comment_status":"open","ping_status":"open","sticky":false,"template":"","format":"standard","meta":{"_seopress_robots_primary_cat":"","_seopress_titles_title":"","_seopress_titles_desc":"","_seopress_robots_index":"","_jetpack_memberships_contains_paid_content":false,"footnotes":""},"categories":[350],"tags":[],"class_list":["post-71353","post","type-post","status-publish","format-standard","has-post-thumbnail","hentry","category-sport"],"jetpack_featured_media_url":"https:\/\/tunimedia.tn\/fr\/wp-content\/uploads\/2023\/10\/1698693987_Sans-titre-2-1.jpg","jetpack_sharing_enabled":true,"amp_enabled":true,"_links":{"self":[{"href":"https:\/\/tunimedia.tn\/fr\/wp-json\/wp\/v2\/posts\/71353","targetHints":{"allow":["GET"]}}],"collection":[{"href":"https:\/\/tunimedia.tn\/fr\/wp-json\/wp\/v2\/posts"}],"about":[{"href":"https:\/\/tunimedia.tn\/fr\/wp-json\/wp\/v2\/types\/post"}],"author":[{"embeddable":true,"href":"https:\/\/tunimedia.tn\/fr\/wp-json\/wp\/v2\/users\/1"}],"replies":[{"embeddable":true,"href":"https:\/\/tunimedia.tn\/fr\/wp-json\/wp\/v2\/comments?post=71353"}],"version-history":[{"count":0,"href":"https:\/\/tunimedia.tn\/fr\/wp-json\/wp\/v2\/posts\/71353\/revisions"}],"wp:featuredmedia":[{"embeddable":true,"href":"https:\/\/tunimedia.tn\/fr\/wp-json\/wp\/v2\/media\/71354"}],"wp:attachment":[{"href":"https:\/\/tunimedia.tn\/fr\/wp-json\/wp\/v2\/media?parent=71353"}],"wp:term":[{"taxonomy":"category","embeddable":true,"href":"https:\/\/tunimedia.tn\/fr\/wp-json\/wp\/v2\/categories?post=71353"},{"taxonomy":"post_tag","embeddable":true,"href":"https:\/\/tunimedia.tn\/fr\/wp-json\/wp\/v2\/tags?post=71353"}],"curies":[{"name":"wp","href":"https:\/\/api.w.org\/{rel}","templated":true}]}}