{"id":71167,"date":"2023-10-28T10:09:13","date_gmt":"2023-10-28T10:09:13","guid":{"rendered":"https:\/\/www.tunimedia.tn\/fr\/florentino-perez-absent-du-clasico-la-grosse-tension\/"},"modified":"2023-10-28T10:09:13","modified_gmt":"2023-10-28T10:09:13","slug":"florentino-perez-absent-du-clasico-la-grosse-tension","status":"publish","type":"post","link":"https:\/\/tunimedia.tn\/fr\/florentino-perez-absent-du-clasico-la-grosse-tension\/","title":{"rendered":"Florentino Perez absent du Clasico, la grosse tension"},"content":{"rendered":"<p> [ad_1]\n<\/p>\n<p>\nFlorentino Perez a refus\u00e9 d&rsquo;assister au match de son \u00e9quipe contre Barcelone ce week-end. <\/p>\n<div>\n<p>Perez devait se pr\u00e9senter dans la loge du directeur du stade olympique pour le match de samedi apr\u00e8s-midi, mais une s\u00e9rie d\u2019\u00e9v\u00e9nements r\u00e9cents l\u2019en ont dissuad\u00e9, selon <em>The Athletic<\/em>. La hi\u00e9rarchie du Real Madrid serait en col\u00e8re contre un message publi\u00e9 sur les r\u00e9seaux sociaux par un membre du staff barcelonais qui a tent\u00e9 de discr\u00e9diter le racisme envers Vinicius Jr. Elle s\u2019inqui\u00e8te \u00e9galement des all\u00e9gations de construction faites \u00e0 l\u2019encontre de Barcelone dans l\u2019affaire Negreira. <\/p>\n<p><strong>Lire aussi \u2013 <a href=\"https:\/\/www.football365.fr\/barca-deco-identifie-le-successeur-de-lewandowski-10144909.html\">Deco identifie le successeur de Lewandowski<\/a><\/strong> <\/p>\n<p>Apr\u00e8s quelques ann\u00e9es de paix relative, les tensions se sont \u00e0 nouveau envenim\u00e9es entre les deux plus grands clubs d\u2019Espagne. L\u2019ann\u00e9e derni\u00e8re, Barcelone a tweet\u00e9 une vid\u00e9o associant Madrid au dictateur espagnol Francisco Franco. Les Blancos ont r\u00e9pliqu\u00e9, laissant les deux parties dans une impasse.<br \/>Carlo Ancelotti a soutenu la d\u00e9cision de Perez de ne pas participer \u00e0 la rencontre lors d\u2019une conf\u00e9rence de presse avant le match de samedi : \u00ab\u00a0<em>Ce que je sais, c\u2019est que les d\u00e9cisions du pr\u00e9sident sont prises pour le bien du club. Tout ce qu\u2019il d\u00e9cide est pour le bien du club\u00a0\u00bb<\/em>.<\/p>\n<p>Les deux \u00e9quipes se rencontreront pour la premi\u00e8re fois de la saison samedi apr\u00e8s-midi. <\/p>\n<\/div>\n[ad_2]\n<br \/><a href=\"https:\/\/www.football365.fr\/florentino-perez-absent-du-clasico-la-grosse-tension-10146679.html?utm_source=rss_feed&#038;utm_medium=link&#038;utm_campaign=unknown\">Source link <\/a><\/p>\n","protected":false},"excerpt":{"rendered":"<p>[ad_1] Florentino Perez a refus\u00e9 d&rsquo;assister au match de son \u00e9quipe contre Barcelone ce week-end. Perez devait se pr\u00e9senter dans la loge du directeur du stade olympique pour le match de samedi apr\u00e8s-midi, mais une s\u00e9rie d\u2019\u00e9v\u00e9nements r\u00e9cents l\u2019en ont dissuad\u00e9, selon The Athletic. La hi\u00e9rarchie du Real Madrid serait en col\u00e8re contre un message &hellip;<\/p>\n","protected":false},"author":1,"featured_media":71168,"comment_status":"open","ping_status":"open","sticky":false,"template":"","format":"standard","meta":{"_seopress_robots_primary_cat":"","_seopress_titles_title":"","_seopress_titles_desc":"","_seopress_robots_index":"","_jetpack_memberships_contains_paid_content":false,"footnotes":""},"categories":[350],"tags":[],"class_list":["post-71167","post","type-post","status-publish","format-standard","has-post-thumbnail","hentry","category-sport"],"jetpack_featured_media_url":"https:\/\/tunimedia.tn\/fr\/wp-content\/uploads\/2023\/10\/PANORAMIC_236670_00121.jpg","jetpack_sharing_enabled":true,"amp_enabled":true,"_links":{"self":[{"href":"https:\/\/tunimedia.tn\/fr\/wp-json\/wp\/v2\/posts\/71167","targetHints":{"allow":["GET"]}}],"collection":[{"href":"https:\/\/tunimedia.tn\/fr\/wp-json\/wp\/v2\/posts"}],"about":[{"href":"https:\/\/tunimedia.tn\/fr\/wp-json\/wp\/v2\/types\/post"}],"author":[{"embeddable":true,"href":"https:\/\/tunimedia.tn\/fr\/wp-json\/wp\/v2\/users\/1"}],"replies":[{"embeddable":true,"href":"https:\/\/tunimedia.tn\/fr\/wp-json\/wp\/v2\/comments?post=71167"}],"version-history":[{"count":0,"href":"https:\/\/tunimedia.tn\/fr\/wp-json\/wp\/v2\/posts\/71167\/revisions"}],"wp:featuredmedia":[{"embeddable":true,"href":"https:\/\/tunimedia.tn\/fr\/wp-json\/wp\/v2\/media\/71168"}],"wp:attachment":[{"href":"https:\/\/tunimedia.tn\/fr\/wp-json\/wp\/v2\/media?parent=71167"}],"wp:term":[{"taxonomy":"category","embeddable":true,"href":"https:\/\/tunimedia.tn\/fr\/wp-json\/wp\/v2\/categories?post=71167"},{"taxonomy":"post_tag","embeddable":true,"href":"https:\/\/tunimedia.tn\/fr\/wp-json\/wp\/v2\/tags?post=71167"}],"curies":[{"name":"wp","href":"https:\/\/api.w.org\/{rel}","templated":true}]}}