{"id":70552,"date":"2023-10-19T10:20:33","date_gmt":"2023-10-19T10:20:33","guid":{"rendered":"https:\/\/www.tunimedia.tn\/fr\/bresil-payet-decisif-avec-vasco\/"},"modified":"2023-10-19T10:20:33","modified_gmt":"2023-10-19T10:20:33","slug":"bresil-payet-decisif-avec-vasco","status":"publish","type":"post","link":"https:\/\/tunimedia.tn\/fr\/bresil-payet-decisif-avec-vasco\/","title":{"rendered":"Br\u00e9sil : Payet d\u00e9cisif avec Vasco"},"content":{"rendered":"<p> [ad_1]\n<\/p>\n<p>\nGr\u00e2ce \u00e0 son premier but depuis son arriv\u00e9e au Br\u00e9sil, Dimitri Payet a donn\u00e9 la victoire au Vasco de Gama dans la nuit de mercredi \u00e0 jeudi. <\/p>\n<div>\n<p>Arriv\u00e9 en rock star au <strong>Vasco de Gama\u00a0<\/strong>cet \u00e9t\u00e9,\u00a0<strong>Dimitri Payet\u00a0<\/strong>a d\u00e9marr\u00e9 son aventure br\u00e9silienne avec un rythme diminu\u00e9 et n\u2019avait d\u00e9pass\u00e9 qu\u2019une fois les 45 minutes jou\u00e9es en un seul match (face \u00e0 Coritiba le 22 septembre). Malgr\u00e9 cela, son d\u00e9barquement en Am\u00e9rique du Sud a co\u00efncid\u00e9 avec le regain de forme du club de Rio qui n\u2019a perdu qu\u2019un seul de ses sept derniers matches alors qu\u2019ils \u00e9taient 18\u00e8mes lorsque l\u2019ancien Marseillais a pos\u00e9 le pied \u00e0 Rio. <\/p>\n<h2>Payet ouvre son compteur<\/h2>\n<p>Dans la nuit de mercredi \u00e0 jeudi, l\u2019ancien international fran\u00e7ais (38 s\u00e9lections, 8 buts) a montr\u00e9 des progr\u00e8s sur son \u00e9tat de forme en jouant 76 minutes contre\u00a0<strong>Fortaleza<\/strong>, mais s\u2019est surtout montr\u00e9 d\u00e9cisif. Peu avant l\u2019heure de jeu, le joueur de 36 ans a ouvert le score d\u2019une frappe du pied gauche \u00e0 l\u2019entr\u00e9e de la surface de r\u00e9paration. L\u2019unique but de cette rencontre, le premier du R\u00e9unionnais, permet \u00e0 Vasco de s\u2019imposer et de sortir provisoirement de la zone rouge, \u00e0 11 matches de la fin de saison. <\/p>\n<blockquote class=\"twitter-tweet\" data-width=\"500\" data-dnt=\"true\">\n<p lang=\"fr\" dir=\"ltr\">&#x1f1eb;&#x1f1f7; PAYET, PAYET, PAYET, PAYET, \u00ca \u00ca \u00ca \u00ca, \u00d4 \u00d4 \u00d4 \u00d4! <a href=\"https:\/\/t.co\/fr3XG3jzKv\">pic.twitter.com\/fr3XG3jzKv<\/a><\/p>\n<p>\u2014 NewsColina (@newscolina) <a href=\"https:\/\/twitter.com\/newscolina\/status\/1714839841249038725?ref_src=twsrc%5Etfw\">October 19, 2023<\/a><\/p>\n<\/blockquote>\n<p>Une performance qui a permis \u00e0 Payet de recevoir une belle ovation de son nouveau ublic et, comme lors de son passage \u00e0 West Ham, un chant \u00e0 son effigie venu des trav\u00e9es du Stade S\u00e3o Janu\u00e1rio. <\/p>\n<\/div>\n<p><script async src=\"\/\/platform.twitter.com\/widgets.js\" charset=\"utf-8\"><\/script><br \/>\n<br \/>[ad_2]\n<br \/><a href=\"https:\/\/www.football365.fr\/bresil-payet-decisif-avec-vasco-10144832.html?utm_source=rss_feed&#038;utm_medium=link&#038;utm_campaign=unknown\">Source link <\/a><\/p>\n","protected":false},"excerpt":{"rendered":"<p>[ad_1] Gr\u00e2ce \u00e0 son premier but depuis son arriv\u00e9e au Br\u00e9sil, Dimitri Payet a donn\u00e9 la victoire au Vasco de Gama dans la nuit de mercredi \u00e0 jeudi. Arriv\u00e9 en rock star au Vasco de Gama\u00a0cet \u00e9t\u00e9,\u00a0Dimitri Payet\u00a0a d\u00e9marr\u00e9 son aventure br\u00e9silienne avec un rythme diminu\u00e9 et n\u2019avait d\u00e9pass\u00e9 qu\u2019une fois les 45 minutes jou\u00e9es &hellip;<\/p>\n","protected":false},"author":1,"featured_media":70553,"comment_status":"open","ping_status":"open","sticky":false,"template":"","format":"standard","meta":{"_seopress_robots_primary_cat":"","_seopress_titles_title":"","_seopress_titles_desc":"","_seopress_robots_index":"","_jetpack_memberships_contains_paid_content":false,"footnotes":""},"categories":[350],"tags":[],"class_list":["post-70552","post","type-post","status-publish","format-standard","has-post-thumbnail","hentry","category-sport"],"jetpack_featured_media_url":"https:\/\/tunimedia.tn\/fr\/wp-content\/uploads\/2023\/10\/Dimitri-Payet.jpg","jetpack_sharing_enabled":true,"amp_enabled":true,"_links":{"self":[{"href":"https:\/\/tunimedia.tn\/fr\/wp-json\/wp\/v2\/posts\/70552","targetHints":{"allow":["GET"]}}],"collection":[{"href":"https:\/\/tunimedia.tn\/fr\/wp-json\/wp\/v2\/posts"}],"about":[{"href":"https:\/\/tunimedia.tn\/fr\/wp-json\/wp\/v2\/types\/post"}],"author":[{"embeddable":true,"href":"https:\/\/tunimedia.tn\/fr\/wp-json\/wp\/v2\/users\/1"}],"replies":[{"embeddable":true,"href":"https:\/\/tunimedia.tn\/fr\/wp-json\/wp\/v2\/comments?post=70552"}],"version-history":[{"count":0,"href":"https:\/\/tunimedia.tn\/fr\/wp-json\/wp\/v2\/posts\/70552\/revisions"}],"wp:featuredmedia":[{"embeddable":true,"href":"https:\/\/tunimedia.tn\/fr\/wp-json\/wp\/v2\/media\/70553"}],"wp:attachment":[{"href":"https:\/\/tunimedia.tn\/fr\/wp-json\/wp\/v2\/media?parent=70552"}],"wp:term":[{"taxonomy":"category","embeddable":true,"href":"https:\/\/tunimedia.tn\/fr\/wp-json\/wp\/v2\/categories?post=70552"},{"taxonomy":"post_tag","embeddable":true,"href":"https:\/\/tunimedia.tn\/fr\/wp-json\/wp\/v2\/tags?post=70552"}],"curies":[{"name":"wp","href":"https:\/\/api.w.org\/{rel}","templated":true}]}}