{"id":70496,"date":"2023-10-18T15:54:17","date_gmt":"2023-10-18T15:54:17","guid":{"rendered":"https:\/\/www.tunimedia.tn\/fr\/combien-de-temps-neymar-va-etre-absent-des-terrains\/"},"modified":"2023-10-18T15:54:17","modified_gmt":"2023-10-18T15:54:17","slug":"combien-de-temps-neymar-va-etre-absent-des-terrains","status":"publish","type":"post","link":"https:\/\/tunimedia.tn\/fr\/combien-de-temps-neymar-va-etre-absent-des-terrains\/","title":{"rendered":"Combien de temps Neymar va \u00eatre absent des terrains ?"},"content":{"rendered":"<p> [ad_1]\n<\/p>\n<p>\nNeymar a contract\u00e9 une nouvelle blessure s\u00e9rieuse, la nuit derni\u00e8re lors du match en Uruguay avec sa s\u00e9lection br\u00e9silienne. <\/p>\n<div>\n<p>Neymar n\u2019est pas verni\u00a0! Mardi soir, lors du match du Br\u00e9sil contre l\u2019Uruguay en \u00e9liminatoires du Mondial,<a href=\"https:\/\/www.football365.fr\/nouvelle-catastrophe-pour-neymar-10144605.html\"> l\u2019ancien parisien a eu le malheur de se blesser.<\/a> Un coup qui parait s\u00e9rieux, rien qu\u2019\u00e0 la vue de l\u2019\u00e9tat dans lequel il est sorti du terrain. On l\u2019a vu en larmes et totalement abattu. <\/p>\n<h2>Une longue absence redout\u00e9e pour Neymar<\/h2>\n<p>La f\u00e9d\u00e9ration br\u00e9silienne n\u2019a pas encore communiqu\u00e9 sur la blessure de son joueur vedette, si ce n\u2019est pour dire qu\u2019elle est \u00ab inqui\u00e9tante \u00bb. Et elle ne devrait pas le faire car le rassemblement international est termin\u00e9. \u00ab Ney \u00bb est cens\u00e9 retourner dans son club saoudien d\u2019Al-Hilal. <\/p>\n<p style=\"padding-left: 40px;\"><strong>Lire aussi \u2013 <a href=\"https:\/\/www.football365.fr\/neymar-est-un-monstre-ce-coach-se-lache-10144555.html\">Neymar est un monstre, ce coach se l\u00e2che<\/a><\/strong><\/p>\n<p>Quelle va \u00eatre la dur\u00e9e d\u2019indisponibilit\u00e9 de l\u2019ancien barcelonais ? Le myst\u00e8re reste total, mais les premiers pronostics ne sont pas vraiment encourageants. Le genou a gonfl\u00e9, ce qui laisse craindre un probl\u00e8me s\u00e9rieux. Des examens m\u00e9dicaux approfondis devraient avoir lieu tr\u00e8s rapidement et on sera ensuite fix\u00e9 sur le temps que passera Neymar en dehors des terrains. <\/p>\n<p>Neymar est r\u00e9put\u00e9 pour avoir un physique fragile, avec des blessures qui se r\u00e9p\u00e8tent et aussi graves les unes que les autres. Depuis aout 2021, il en est \u00e0 10 d\u00e9fections. Il a \u00e9t\u00e9 touch\u00e9 successivement aux adducteurs, \u00e0 la cheville, \u00e0 la mall\u00e9ole, au genou et aussi musculairement. Lors de la pr\u00e9c\u00e9dente campagne, il a loup\u00e9 cinq mois de comp\u00e9tition apr\u00e8s s\u2019\u00eatre fait op\u00e9rer de la cheville. Esp\u00e9rons pour lui qu\u2019il ne repassera pas de nouveau sur le billard.<\/p>\n<\/div>\n[ad_2]\n<br \/><a href=\"https:\/\/www.football365.fr\/combien-de-temps-neymar-va-etre-absent-des-terrains-10144748.html?utm_source=rss_feed&#038;utm_medium=link&#038;utm_campaign=unknown\">Source link <\/a><\/p>\n","protected":false},"excerpt":{"rendered":"<p>[ad_1] Neymar a contract\u00e9 une nouvelle blessure s\u00e9rieuse, la nuit derni\u00e8re lors du match en Uruguay avec sa s\u00e9lection br\u00e9silienne. Neymar n\u2019est pas verni\u00a0! Mardi soir, lors du match du Br\u00e9sil contre l\u2019Uruguay en \u00e9liminatoires du Mondial, l\u2019ancien parisien a eu le malheur de se blesser. Un coup qui parait s\u00e9rieux, rien qu\u2019\u00e0 la vue &hellip;<\/p>\n","protected":false},"author":1,"featured_media":70497,"comment_status":"open","ping_status":"open","sticky":false,"template":"","format":"standard","meta":{"_seopress_robots_primary_cat":"","_seopress_titles_title":"","_seopress_titles_desc":"","_seopress_robots_index":"","_jetpack_memberships_contains_paid_content":false,"footnotes":""},"categories":[350],"tags":[],"class_list":["post-70496","post","type-post","status-publish","format-standard","has-post-thumbnail","hentry","category-sport"],"jetpack_featured_media_url":"https:\/\/tunimedia.tn\/fr\/wp-content\/uploads\/2023\/10\/PANORAMIC_278184_00241.jpg","jetpack_sharing_enabled":true,"amp_enabled":true,"_links":{"self":[{"href":"https:\/\/tunimedia.tn\/fr\/wp-json\/wp\/v2\/posts\/70496","targetHints":{"allow":["GET"]}}],"collection":[{"href":"https:\/\/tunimedia.tn\/fr\/wp-json\/wp\/v2\/posts"}],"about":[{"href":"https:\/\/tunimedia.tn\/fr\/wp-json\/wp\/v2\/types\/post"}],"author":[{"embeddable":true,"href":"https:\/\/tunimedia.tn\/fr\/wp-json\/wp\/v2\/users\/1"}],"replies":[{"embeddable":true,"href":"https:\/\/tunimedia.tn\/fr\/wp-json\/wp\/v2\/comments?post=70496"}],"version-history":[{"count":0,"href":"https:\/\/tunimedia.tn\/fr\/wp-json\/wp\/v2\/posts\/70496\/revisions"}],"wp:featuredmedia":[{"embeddable":true,"href":"https:\/\/tunimedia.tn\/fr\/wp-json\/wp\/v2\/media\/70497"}],"wp:attachment":[{"href":"https:\/\/tunimedia.tn\/fr\/wp-json\/wp\/v2\/media?parent=70496"}],"wp:term":[{"taxonomy":"category","embeddable":true,"href":"https:\/\/tunimedia.tn\/fr\/wp-json\/wp\/v2\/categories?post=70496"},{"taxonomy":"post_tag","embeddable":true,"href":"https:\/\/tunimedia.tn\/fr\/wp-json\/wp\/v2\/tags?post=70496"}],"curies":[{"name":"wp","href":"https:\/\/api.w.org\/{rel}","templated":true}]}}