{"id":67824,"date":"2023-09-12T22:49:09","date_gmt":"2023-09-12T22:49:09","guid":{"rendered":"https:\/\/www.tunimedia.tn\/fr\/pogba-deschamps-prend-la-parole\/"},"modified":"2023-09-12T22:49:09","modified_gmt":"2023-09-12T22:49:09","slug":"pogba-deschamps-prend-la-parole","status":"publish","type":"post","link":"https:\/\/tunimedia.tn\/fr\/pogba-deschamps-prend-la-parole\/","title":{"rendered":"Pogba, Deschamps prend la parole"},"content":{"rendered":"<p> [ad_1]\n<\/p>\n<p>\nDidier Deschamps s&rsquo;est livr\u00e9 sur la situation du milieu de terrain fran\u00e7ais de la Juventus de Turin, Paul Pogba, suspendu \u00e0 titre provisoire apr\u00e8s un contr\u00f4le antidopage positif. <\/p>\n<div>\n<p>La France a conc\u00e9d\u00e9 sa premi\u00e8re d\u00e9faite de l\u2019ann\u00e9e face \u00e0 l\u2019Allemagne (2-1), ce mardi \u00e0 Dortmund. <a href=\"https:\/\/www.football365.fr\/deschamps-tchouameni-et-les-reactions-apres-allemagne-france-2-1-10137308.html\"><b>Une rencontre d\u00e9brief\u00e9e par le s\u00e9lectionneur\u00a0de l\u2019EDF, Didier Deschamps<\/b><\/a>. Le technicien tricolore en a profit\u00e9 pour revenir sur le cas de Paul Pogba. Le milieu de terrain de la Juventus Turin, en proie aux blessures \u00e0 r\u00e9p\u00e9tition qui l\u2019ont \u00e9loign\u00e9 des Bleus, fait actuellement les gros titres en raison d\u2019une suspicion de dopage \u00e0 la suite d\u2019un contr\u00f4le positif \u00e0 la testost\u00e9rone. <\/p>\n<blockquote>\n<p><strong>Lire aussi \u2013 <a href=\"https:\/\/www.football365.fr\/barca-le-gros-coup-de-pression-de-lewandowski-10135410.html\">Le gros coup de pression de Lewandowski<\/a><\/strong> <\/p>\n<\/blockquote>\n<p><em>\u00ab\u00a0Paul Pogba ? Evidemment j\u2019ai \u00e9t\u00e9 tr\u00e8s surpris. Je n\u2019ai pas tous les \u00e9l\u00e9ments, <\/em>a ainsi d\u00e9clar\u00e9 DD au micro de TF1. <em>Il y aura des choses qui vont suivre derri\u00e8re. Il y a tellement de choses qui s\u2019accumulent pour lui. J\u2019ai \u00e9chang\u00e9 avec lui en messages et j\u2019aurais le temps de lui parler encore plus, <\/em>a-t-il assur\u00e9<em>. Je ne peux pas imaginer qu\u2019il ait pris sciemment les produits dopants, le connaissant. Mais la substance, il y est. Il faudra un petit peu de temps pour savoir le pourquoi du comment. C\u2019est dommage pour lui, moi je l\u2019ai toujours soutenu \u00bb, <\/em>ainsi conclu le Bayonnais.<\/p>\n<\/div>\n[ad_2]\n<br \/><a href=\"https:\/\/www.football365.fr\/bleus-pogba-deschamps-prend-la-parole-10137305.html?utm_source=rss_feed&#038;utm_medium=link&#038;utm_campaign=unknown\">Source link <\/a><\/p>\n","protected":false},"excerpt":{"rendered":"<p>[ad_1] Didier Deschamps s&rsquo;est livr\u00e9 sur la situation du milieu de terrain fran\u00e7ais de la Juventus de Turin, Paul Pogba, suspendu \u00e0 titre provisoire apr\u00e8s un contr\u00f4le antidopage positif. La France a conc\u00e9d\u00e9 sa premi\u00e8re d\u00e9faite de l\u2019ann\u00e9e face \u00e0 l\u2019Allemagne (2-1), ce mardi \u00e0 Dortmund. Une rencontre d\u00e9brief\u00e9e par le s\u00e9lectionneur\u00a0de l\u2019EDF, Didier Deschamps. &hellip;<\/p>\n","protected":false},"author":1,"featured_media":67382,"comment_status":"open","ping_status":"open","sticky":false,"template":"","format":"standard","meta":{"_seopress_robots_primary_cat":"","_seopress_titles_title":"","_seopress_titles_desc":"","_seopress_robots_index":"","_jetpack_memberships_contains_paid_content":false,"footnotes":""},"categories":[350],"tags":[],"class_list":["post-67824","post","type-post","status-publish","format-standard","has-post-thumbnail","hentry","category-sport"],"jetpack_featured_media_url":"https:\/\/tunimedia.tn\/fr\/wp-content\/uploads\/2023\/09\/PANORAMIC_275623_00051.jpg","jetpack_sharing_enabled":true,"amp_enabled":true,"_links":{"self":[{"href":"https:\/\/tunimedia.tn\/fr\/wp-json\/wp\/v2\/posts\/67824","targetHints":{"allow":["GET"]}}],"collection":[{"href":"https:\/\/tunimedia.tn\/fr\/wp-json\/wp\/v2\/posts"}],"about":[{"href":"https:\/\/tunimedia.tn\/fr\/wp-json\/wp\/v2\/types\/post"}],"author":[{"embeddable":true,"href":"https:\/\/tunimedia.tn\/fr\/wp-json\/wp\/v2\/users\/1"}],"replies":[{"embeddable":true,"href":"https:\/\/tunimedia.tn\/fr\/wp-json\/wp\/v2\/comments?post=67824"}],"version-history":[{"count":0,"href":"https:\/\/tunimedia.tn\/fr\/wp-json\/wp\/v2\/posts\/67824\/revisions"}],"wp:featuredmedia":[{"embeddable":true,"href":"https:\/\/tunimedia.tn\/fr\/wp-json\/wp\/v2\/media\/67382"}],"wp:attachment":[{"href":"https:\/\/tunimedia.tn\/fr\/wp-json\/wp\/v2\/media?parent=67824"}],"wp:term":[{"taxonomy":"category","embeddable":true,"href":"https:\/\/tunimedia.tn\/fr\/wp-json\/wp\/v2\/categories?post=67824"},{"taxonomy":"post_tag","embeddable":true,"href":"https:\/\/tunimedia.tn\/fr\/wp-json\/wp\/v2\/tags?post=67824"}],"curies":[{"name":"wp","href":"https:\/\/api.w.org\/{rel}","templated":true}]}}