{"id":6744,"date":"2021-05-26T06:58:12","date_gmt":"2021-05-26T06:58:12","guid":{"rendered":"http:\/\/www.tunimedia.tn\/fr\/fernando-torres-limprobable-come-back\/"},"modified":"2021-05-26T06:58:12","modified_gmt":"2021-05-26T06:58:12","slug":"fernando-torres-limprobable-come-back","status":"publish","type":"post","link":"https:\/\/tunimedia.tn\/fr\/fernando-torres-limprobable-come-back\/","title":{"rendered":"Fernando Torres, l&rsquo;improbable come-back"},"content":{"rendered":"<p> [ad_1]\n<\/p>\n<p>\nRetrait\u00e9 des terrains de football depuis le mois de juin 2019, Fernando Torres a annonc\u00e9 ce mercredi qu&rsquo;il allait revenir aux affaires. <\/p>\n<div>\n<p>C\u2019est un bien myst\u00e9rieux message que les internautes, et surtout les fans de Fernando Torres, ont d\u00e9couvert ce mardi en fin d\u2019apr\u00e8s-midi. Sur les r\u00e9seaux sociaux, l\u2019Espagnol a post\u00e9 une photo de son fameux num\u00e9ro 9, avec une phrase \u00e9nigmatique : \u00ab\u00a0<em>Je ne vois la vie que d\u2019une seule fa\u00e7on : jouer. <strong>C\u2019est pour cela que j\u2019ai d\u00e9cid\u00e9 de revenir. Ce vendredi, je vous d\u00e9voilerai \u00e0 quel endroit.<\/strong><\/em>\u00a0\u00bb<\/p>\n<p><strong>Aujourd\u2019hui \u00e2g\u00e9 de trente-sept ans<\/strong>, l\u2019ancien chouchou de l\u2019Atl\u00e9tico de Madrid pass\u00e9 \u00e9galement par Liverpool et Chelsea n\u2019a donc <strong>plus jou\u00e9 depuis pratiquement deux ans<\/strong>. Difficile d\u2019imaginer qu\u2019il puisse reprendre le football au plus haut niveau.<\/p>\n<blockquote class=\"instagram-media\" style=\"background: #FFF; border: 0; border-radius: 3px; box-shadow: 0 0 1px 0 rgba(0,0,0,0.5),0 1px 10px 0 rgba(0,0,0,0.15); margin: 1px; max-width: 540px; min-width: 326px; padding: 0; width: calc(100% - 2px);\" data-instgrm-captioned=\"\" data-instgrm-permalink=\"https:\/\/www.instagram.com\/p\/CPTUlYCtZT8\/?utm_source=ig_embed&amp;utm_campaign=loading\" data-instgrm-version=\"13\">\n<\/blockquote>\n<p>Ce message est-il alors en lien avec une quelconque campagne publicitaire ? S\u2019ag\u00eet-il d\u2019un nouveau projet qui concerne une tout autre activit\u00e9 ? Impossible de le deviner pour le moment. Ce vendredi, \u00ab\u00a0El Ni\u00f1o\u00a0\u00bb l\u00e8vera le voile sur ce myst\u00e8re.<\/p>\n<p><strong>A lire aussi : &gt;&gt;&gt; <a title=\"Griezmann m\u00e9content du retour de Benzema !\" href=\"https:\/\/www.football365.fr\/griezmann-mecontent-retour-de-benzema-9969682.html\">Griezmann m\u00e9content du retour de Benzema !<\/a><\/strong> <\/div>\n<p><script async defer src=\"https:\/\/platform.instagram.com\/en_US\/embeds.js\"><\/script><br \/>\n<br \/>[ad_2]\n<br \/><a href=\"https:\/\/www.football365.fr\/fernando-torres-limprobable-come-back-9969697.html\">Source link <\/a><\/p>\n","protected":false},"excerpt":{"rendered":"<p>[ad_1] Retrait\u00e9 des terrains de football depuis le mois de juin 2019, Fernando Torres a annonc\u00e9 ce mercredi qu&rsquo;il allait revenir aux affaires. C\u2019est un bien myst\u00e9rieux message que les internautes, et surtout les fans de Fernando Torres, ont d\u00e9couvert ce mardi en fin d\u2019apr\u00e8s-midi. Sur les r\u00e9seaux sociaux, l\u2019Espagnol a post\u00e9 une photo de &hellip;<\/p>\n","protected":false},"author":1,"featured_media":6745,"comment_status":"open","ping_status":"open","sticky":false,"template":"","format":"standard","meta":{"_seopress_robots_primary_cat":"","_seopress_titles_title":"","_seopress_titles_desc":"","_seopress_robots_index":"","_jetpack_memberships_contains_paid_content":false,"footnotes":""},"categories":[350],"tags":[],"class_list":["post-6744","post","type-post","status-publish","format-standard","has-post-thumbnail","hentry","category-sport"],"jetpack_featured_media_url":"https:\/\/tunimedia.tn\/fr\/wp-content\/uploads\/2021\/05\/fernando_torres.jpg","jetpack_sharing_enabled":true,"amp_enabled":true,"_links":{"self":[{"href":"https:\/\/tunimedia.tn\/fr\/wp-json\/wp\/v2\/posts\/6744","targetHints":{"allow":["GET"]}}],"collection":[{"href":"https:\/\/tunimedia.tn\/fr\/wp-json\/wp\/v2\/posts"}],"about":[{"href":"https:\/\/tunimedia.tn\/fr\/wp-json\/wp\/v2\/types\/post"}],"author":[{"embeddable":true,"href":"https:\/\/tunimedia.tn\/fr\/wp-json\/wp\/v2\/users\/1"}],"replies":[{"embeddable":true,"href":"https:\/\/tunimedia.tn\/fr\/wp-json\/wp\/v2\/comments?post=6744"}],"version-history":[{"count":0,"href":"https:\/\/tunimedia.tn\/fr\/wp-json\/wp\/v2\/posts\/6744\/revisions"}],"wp:featuredmedia":[{"embeddable":true,"href":"https:\/\/tunimedia.tn\/fr\/wp-json\/wp\/v2\/media\/6745"}],"wp:attachment":[{"href":"https:\/\/tunimedia.tn\/fr\/wp-json\/wp\/v2\/media?parent=6744"}],"wp:term":[{"taxonomy":"category","embeddable":true,"href":"https:\/\/tunimedia.tn\/fr\/wp-json\/wp\/v2\/categories?post=6744"},{"taxonomy":"post_tag","embeddable":true,"href":"https:\/\/tunimedia.tn\/fr\/wp-json\/wp\/v2\/tags?post=6744"}],"curies":[{"name":"wp","href":"https:\/\/api.w.org\/{rel}","templated":true}]}}