{"id":67050,"date":"2023-09-01T22:26:23","date_gmt":"2023-09-01T22:26:23","guid":{"rendered":"http:\/\/www.tunimedia.tn\/fr\/le-barca-sous-le-choc-une-legende-arrete-un-prodige-de-16-ans-selectionne\/"},"modified":"2023-09-01T22:26:23","modified_gmt":"2023-09-01T22:26:23","slug":"le-barca-sous-le-choc-une-legende-arrete-un-prodige-de-16-ans-selectionne","status":"publish","type":"post","link":"https:\/\/tunimedia.tn\/fr\/le-barca-sous-le-choc-une-legende-arrete-un-prodige-de-16-ans-selectionne\/","title":{"rendered":"Le Bar\u00e7a sous le choc ! Une l\u00e9gende arr\u00eate, un prodige de 16 ans s\u00e9lectionn\u00e9"},"content":{"rendered":"<p> [ad_1]\n<\/p>\n<p>\nEn pleine phase de reconstruction, le foot espagnol poursuit son renouveau. Ce vendredi, une l\u00e9gende a annonc\u00e9 sa retraite internationale, quand une nouvelle t\u00eate s&rsquo;appr\u00eate \u00e0 d\u00e9barquer. <\/p>\n<div>\n<p>Si sa philosophie de jeu tranche avec les pr\u00e9ceptes marqu\u00e9s de Luis Enrique, Luis de la Fuente, l\u2019actuel s\u00e9lectionneur de l\u2019Espagne, a toutefois un point commun avec son pr\u00e9d\u00e9cesseur. Le technicien de 62 ans n\u2019h\u00e9site pas \u00e0 lancer de tr\u00e8s jeunes joueurs dans le grand bain. Quitte \u00e0 convoquer des adolescents. Luis Enrique s\u2019\u00e9tait signal\u00e9 en int\u00e9grant Gavi \u00e0 17 ans. Luis de la Fuente a fait encore plus fort en convoquant Lamine Yamal \u00e0 16 ans. <\/p>\n<blockquote>\n<p><strong>Lire aussi \u2013 <a href=\"https:\/\/www.football365.fr\/om-enorme-surprise-pour-le-prix-de-guendouzi-10131401.html\">OM : \u00e9norme surprise pour le prix de Guendouzi<\/a><\/strong> <\/p>\n<\/blockquote>\n<p>Sensation du d\u00e9but de saison du FC Barcelone, cet ailier tr\u00e8s technique et mature a \u00e9t\u00e9 s\u00e9lectionn\u00e9 pour les prochaines \u00e9ch\u00e9ances de l\u2019\u00e9quipe d\u2019Espagne. La Roja sera amen\u00e9e \u00e0 affronter la G\u00e9orgie, le 8 septembre, puis Chypre quatre jours plus tard, le 12, dans le cadre de la campagne de qualifications pour l\u2019Euro 2024.<\/p>\n<p>La s\u00e9lection espagnole est bien dans une p\u00e9riode de transition puisque si de nouvelles t\u00eates d\u00e9barquent, certaines l\u00e9gendes tirent un trait sur la Roja. Comme ses anciens comp\u00e8res Andr\u00e9s Iniesta ou David Silva avant lui, Jordi Alba a d\u00e9cid\u00e9 de se retirer. Apr\u00e8s 92 s\u00e9lections, le d\u00e9fenseur lat\u00e9ral gauche met un terme \u00e0 une carri\u00e8re internationale tr\u00e8s riche. S\u2019il n\u2019a pas \u00e9t\u00e9 sacr\u00e9 champion du monde, l\u2019actuel joueur de l\u2019Inter Miami a remport\u00e9 l\u2019Euro 2012. <\/p>\n<\/div>\n[ad_2]\n<br \/><a href=\"https:\/\/www.football365.fr\/le-barca-sous-le-choc-une-legende-arrete-un-prodige-de-16-ans-selectionne-10135138.html?utm_source=rss_feed&#038;utm_medium=link&#038;utm_campaign=unknown\">Source link <\/a><\/p>\n","protected":false},"excerpt":{"rendered":"<p>[ad_1] En pleine phase de reconstruction, le foot espagnol poursuit son renouveau. Ce vendredi, une l\u00e9gende a annonc\u00e9 sa retraite internationale, quand une nouvelle t\u00eate s&rsquo;appr\u00eate \u00e0 d\u00e9barquer. Si sa philosophie de jeu tranche avec les pr\u00e9ceptes marqu\u00e9s de Luis Enrique, Luis de la Fuente, l\u2019actuel s\u00e9lectionneur de l\u2019Espagne, a toutefois un point commun avec &hellip;<\/p>\n","protected":false},"author":1,"featured_media":62764,"comment_status":"open","ping_status":"open","sticky":false,"template":"","format":"standard","meta":{"_seopress_robots_primary_cat":"","_seopress_titles_title":"","_seopress_titles_desc":"","_seopress_robots_index":"","_jetpack_memberships_contains_paid_content":false,"footnotes":""},"categories":[350],"tags":[],"class_list":["post-67050","post","type-post","status-publish","format-standard","has-post-thumbnail","hentry","category-sport"],"jetpack_featured_media_url":"https:\/\/tunimedia.tn\/fr\/wp-content\/uploads\/2023\/06\/Camp-Nou-FC-Barcelone.jpg","jetpack_sharing_enabled":true,"amp_enabled":true,"_links":{"self":[{"href":"https:\/\/tunimedia.tn\/fr\/wp-json\/wp\/v2\/posts\/67050","targetHints":{"allow":["GET"]}}],"collection":[{"href":"https:\/\/tunimedia.tn\/fr\/wp-json\/wp\/v2\/posts"}],"about":[{"href":"https:\/\/tunimedia.tn\/fr\/wp-json\/wp\/v2\/types\/post"}],"author":[{"embeddable":true,"href":"https:\/\/tunimedia.tn\/fr\/wp-json\/wp\/v2\/users\/1"}],"replies":[{"embeddable":true,"href":"https:\/\/tunimedia.tn\/fr\/wp-json\/wp\/v2\/comments?post=67050"}],"version-history":[{"count":0,"href":"https:\/\/tunimedia.tn\/fr\/wp-json\/wp\/v2\/posts\/67050\/revisions"}],"wp:featuredmedia":[{"embeddable":true,"href":"https:\/\/tunimedia.tn\/fr\/wp-json\/wp\/v2\/media\/62764"}],"wp:attachment":[{"href":"https:\/\/tunimedia.tn\/fr\/wp-json\/wp\/v2\/media?parent=67050"}],"wp:term":[{"taxonomy":"category","embeddable":true,"href":"https:\/\/tunimedia.tn\/fr\/wp-json\/wp\/v2\/categories?post=67050"},{"taxonomy":"post_tag","embeddable":true,"href":"https:\/\/tunimedia.tn\/fr\/wp-json\/wp\/v2\/tags?post=67050"}],"curies":[{"name":"wp","href":"https:\/\/api.w.org\/{rel}","templated":true}]}}