{"id":67048,"date":"2023-09-01T22:02:18","date_gmt":"2023-09-01T22:02:18","guid":{"rendered":"https:\/\/www.tunimedia.tn\/fr\/joao-felix-au-barca-cest-officiel\/"},"modified":"2023-09-01T22:02:18","modified_gmt":"2023-09-01T22:02:18","slug":"joao-felix-au-barca-cest-officiel","status":"publish","type":"post","link":"https:\/\/tunimedia.tn\/fr\/joao-felix-au-barca-cest-officiel\/","title":{"rendered":"Joao F\u00e9lix au Bar\u00e7a, c&rsquo;est officiel !"},"content":{"rendered":"<p> [ad_1]\n<\/p>\n<p>\nLe FC Barcelone a enregistr\u00e9 ce vendredi l&rsquo;arriv\u00e9e en pr\u00eat de l&rsquo;attaquant portugais Joao F\u00e9lix. <\/p>\n<div>\n<p>Le r\u00eave est devenu r\u00e9alit\u00e9 pour Joao Felix (23 ans). <a href=\"https:\/\/www.football365.fr\/barca-joao-felix-ca-brule-10135103.html\"><strong>Comme l\u2019avait \u00e9voqu\u00e9 pr\u00e9c\u00e9demment <em>Mar\u00e7a<\/em><\/strong>,<\/a> un accord entre le Bar\u00e7a et l\u2019Atl\u00e9tico Madrid a \u00e9t\u00e9 trouv\u00e9 pour le pr\u00eat d\u2019une saison en Catalogne de l\u2019attaquant portugais. <\/p>\n<blockquote>\n<p><strong>Lire aussi \u2013 <a href=\"https:\/\/www.football365.fr\/stupefaction-bientot-la-fin-de-liptv-10134635.html\">Stup\u00e9faction ! Bient\u00f4t la fin de l\u2019IPTV<\/a><\/strong> <\/p>\n<\/blockquote>\n<blockquote class=\"twitter-tweet\" data-width=\"500\" data-dnt=\"true\">\n<p lang=\"en\" dir=\"ltr\">His dream came true &#x1f60f; <a href=\"https:\/\/t.co\/oiEvrXlDkz\">pic.twitter.com\/oiEvrXlDkz<\/a><\/p>\n<p>\u2014 FC Barcelona (@FCBarcelona) <a href=\"https:\/\/twitter.com\/FCBarcelona\/status\/1697704040358883342?ref_src=twsrc%5Etfw\">September 1, 2023<\/a><\/p>\n<\/blockquote>\n<p>Le champion d\u2019Espagne en titre a officialis\u00e9 la nouvelle ce vendredi, dans les derni\u00e8res heures du mercato. L\u2019ancien du Benfica vient ainsi pallier l\u2019absence d\u2019Ansu Fati, parti dans le m\u00eame temps pour Brighton dans le cadre d\u2019un pr\u00eat sans option d\u2019achat. <\/p>\n<\/div>\n<p><script async src=\"\/\/platform.twitter.com\/widgets.js\" charset=\"utf-8\"><\/script><br \/>\n<br \/>[ad_2]\n<br \/><a href=\"https:\/\/www.football365.fr\/joao-felix-au-barca-cest-officiel-10135259.html?utm_source=rss_feed&#038;utm_medium=link&#038;utm_campaign=unknown\">Source link <\/a><\/p>\n","protected":false},"excerpt":{"rendered":"<p>[ad_1] Le FC Barcelone a enregistr\u00e9 ce vendredi l&rsquo;arriv\u00e9e en pr\u00eat de l&rsquo;attaquant portugais Joao F\u00e9lix. Le r\u00eave est devenu r\u00e9alit\u00e9 pour Joao Felix (23 ans). Comme l\u2019avait \u00e9voqu\u00e9 pr\u00e9c\u00e9demment Mar\u00e7a, un accord entre le Bar\u00e7a et l\u2019Atl\u00e9tico Madrid a \u00e9t\u00e9 trouv\u00e9 pour le pr\u00eat d\u2019une saison en Catalogne de l\u2019attaquant portugais. Lire aussi \u2013 &hellip;<\/p>\n","protected":false},"author":1,"featured_media":67049,"comment_status":"open","ping_status":"open","sticky":false,"template":"","format":"standard","meta":{"_seopress_robots_primary_cat":"","_seopress_titles_title":"","_seopress_titles_desc":"","_seopress_robots_index":"","_jetpack_memberships_contains_paid_content":false,"footnotes":""},"categories":[350],"tags":[],"class_list":["post-67048","post","type-post","status-publish","format-standard","has-post-thumbnail","hentry","category-sport"],"jetpack_featured_media_url":"https:\/\/tunimedia.tn\/fr\/wp-content\/uploads\/2023\/09\/PANORAMIC_275196_0021-1.jpg","jetpack_sharing_enabled":true,"amp_enabled":true,"_links":{"self":[{"href":"https:\/\/tunimedia.tn\/fr\/wp-json\/wp\/v2\/posts\/67048","targetHints":{"allow":["GET"]}}],"collection":[{"href":"https:\/\/tunimedia.tn\/fr\/wp-json\/wp\/v2\/posts"}],"about":[{"href":"https:\/\/tunimedia.tn\/fr\/wp-json\/wp\/v2\/types\/post"}],"author":[{"embeddable":true,"href":"https:\/\/tunimedia.tn\/fr\/wp-json\/wp\/v2\/users\/1"}],"replies":[{"embeddable":true,"href":"https:\/\/tunimedia.tn\/fr\/wp-json\/wp\/v2\/comments?post=67048"}],"version-history":[{"count":0,"href":"https:\/\/tunimedia.tn\/fr\/wp-json\/wp\/v2\/posts\/67048\/revisions"}],"wp:featuredmedia":[{"embeddable":true,"href":"https:\/\/tunimedia.tn\/fr\/wp-json\/wp\/v2\/media\/67049"}],"wp:attachment":[{"href":"https:\/\/tunimedia.tn\/fr\/wp-json\/wp\/v2\/media?parent=67048"}],"wp:term":[{"taxonomy":"category","embeddable":true,"href":"https:\/\/tunimedia.tn\/fr\/wp-json\/wp\/v2\/categories?post=67048"},{"taxonomy":"post_tag","embeddable":true,"href":"https:\/\/tunimedia.tn\/fr\/wp-json\/wp\/v2\/tags?post=67048"}],"curies":[{"name":"wp","href":"https:\/\/api.w.org\/{rel}","templated":true}]}}