{"id":67046,"date":"2023-09-01T21:38:41","date_gmt":"2023-09-01T21:38:41","guid":{"rendered":"https:\/\/www.tunimedia.tn\/fr\/nasser-al-khelaifi-prend-la-parole-ses-mots-forts\/"},"modified":"2023-09-01T21:38:41","modified_gmt":"2023-09-01T21:38:41","slug":"nasser-al-khelaifi-prend-la-parole-ses-mots-forts","status":"publish","type":"post","link":"https:\/\/tunimedia.tn\/fr\/nasser-al-khelaifi-prend-la-parole-ses-mots-forts\/","title":{"rendered":"Nasser Al-Khela\u00effi prend la parole ! Ses mots forts"},"content":{"rendered":"<p> [ad_1]\n<\/p>\n<div data-v-7b166e10=\"\">\n<div class=\"Paragraph\" data-v-1b208c60=\"\" data-v-7b166e10=\"\">\n<p data-v-1b208c60=\"\">Sa derni\u00e8re prise de parole officielle avait fait l\u2019effet d\u2019une petite bombe. Elle refl\u00e9tait alors une situation de conflit ouvert avec son joueur star Kylian Mbapp\u00e9. Mais le r\u00e9chauffement entre les parties a apais\u00e9 les esprits, et Nasser Al-Khela\u00effi a retrouv\u00e9 le sourire. \u00ab <span class=\"css-901oao css-16my406 r-poiln3 r-bcqeeo r-qvutc0\"><em>Kylian est un joueur du PSG. On a de tr\u00e8s bonnes discussions avec lui, c\u2019est un joueur magnifique, comme personne et comme professionnel. On a discut\u00e9 avec le reste de sa famille. Une prolongation ? Je ne veux pas parler de \u00e7a<\/em>\u00ab\u00a0, a comment\u00e9 le pr\u00e9sident du Paris Saint-Germain au sujet du buteur.<\/span> <\/p>\n<blockquote>\n<p data-v-1b208c60=\"\"><strong>Lire aussi \u2013 <a href=\"https:\/\/www.football365.fr\/mbappe-nasser-al-khelaifi-lache-ses-verites-10134716.html\">Mbapp\u00e9, Nasser Al-Khela\u00effi l\u00e2che ses v\u00e9rit\u00e9s<\/a><\/strong> <\/p>\n<\/blockquote>\n<p data-v-1b208c60=\"\">Mais au-del\u00e0 du feuilleton Mbapp\u00e9, Nasser Al-Khela\u00effi avait d\u2019autres messages \u00e0 faire passer. Pr\u00e9sent \u00e0 Monaco dans le cadre du tirage au sort de la phase de poules de Ligue des champions, le dirigeant qatari a affich\u00e9 ses ambitions, alors que son club a h\u00e9rit\u00e9 d\u2019un groupe relev\u00e9 avec le Borussia Dortmund, l\u2019AC Milan et Newcastle.<\/p>\n<h2>\u00ab\u00a0On sent qu\u2019il y a quelque chose de diff\u00e9rent\u00a0\u00bb<\/h2>\n<p class=\"Paragraph__content\" data-v-1b208c60=\"\"><i>\u00ab C\u2019est un groupe tr\u00e8s fort, <\/i>a-t-il l\u00e2ch\u00e9.<i> Les joueurs, le staff, le coach aiment jouer des grands matches. C\u2019est aussi magnifique pour vous, les m\u00e9dias, c\u2019est une motivation pour tout le monde. Cela va nous obliger \u00e0 \u00eatre pr\u00eats tout de suite, \u00e0 \u00eatre professionnels\u00a0\u00bb.<\/i> <\/p>\n<p class=\"Paragraph__content\" data-v-1b208c60=\"\"><i>\u00ab\u00a0Cette saison, on sent qu\u2019il y a quelque chose de diff\u00e9rent, avec le style de jeu offensif que l\u2019on aime, a continu\u00e9 le pr\u00e9sident du PSG. <\/i><i>On est contents de jouer six grands matches contre des grands clubs. C\u2019est une bonne nouvelle pour nous pour \u00eatre pr\u00eats. C\u2019est une nouvelle \u00e8re pour le club. Le coach fait un travail fantastique. C\u2019est ce que l\u2019on veut. \u00bb <\/i>Le d\u00e9cor est plant\u00e9.<i><br \/><\/i><\/p>\n<\/div>\n<\/div>\n[ad_2]\n<br \/><a href=\"https:\/\/www.football365.fr\/psg-mercato-nasser-al-khelaifi-prend-la-parole-ses-mots-forts-10134728.html?utm_source=rss_feed&#038;utm_medium=link&#038;utm_campaign=unknown\">Source link <\/a><\/p>\n","protected":false},"excerpt":{"rendered":"<p>[ad_1] Sa derni\u00e8re prise de parole officielle avait fait l\u2019effet d\u2019une petite bombe. Elle refl\u00e9tait alors une situation de conflit ouvert avec son joueur star Kylian Mbapp\u00e9. Mais le r\u00e9chauffement entre les parties a apais\u00e9 les esprits, et Nasser Al-Khela\u00effi a retrouv\u00e9 le sourire. \u00ab Kylian est un joueur du PSG. On a de tr\u00e8s &hellip;<\/p>\n","protected":false},"author":1,"featured_media":67047,"comment_status":"open","ping_status":"open","sticky":false,"template":"","format":"standard","meta":{"_seopress_robots_primary_cat":"","_seopress_titles_title":"","_seopress_titles_desc":"","_seopress_robots_index":"","_jetpack_memberships_contains_paid_content":false,"footnotes":""},"categories":[350],"tags":[],"class_list":["post-67046","post","type-post","status-publish","format-standard","has-post-thumbnail","hentry","category-sport"],"jetpack_featured_media_url":"https:\/\/tunimedia.tn\/fr\/wp-content\/uploads\/2023\/09\/PANORAMIC_271877_0018-1.jpg","jetpack_sharing_enabled":true,"amp_enabled":true,"_links":{"self":[{"href":"https:\/\/tunimedia.tn\/fr\/wp-json\/wp\/v2\/posts\/67046","targetHints":{"allow":["GET"]}}],"collection":[{"href":"https:\/\/tunimedia.tn\/fr\/wp-json\/wp\/v2\/posts"}],"about":[{"href":"https:\/\/tunimedia.tn\/fr\/wp-json\/wp\/v2\/types\/post"}],"author":[{"embeddable":true,"href":"https:\/\/tunimedia.tn\/fr\/wp-json\/wp\/v2\/users\/1"}],"replies":[{"embeddable":true,"href":"https:\/\/tunimedia.tn\/fr\/wp-json\/wp\/v2\/comments?post=67046"}],"version-history":[{"count":0,"href":"https:\/\/tunimedia.tn\/fr\/wp-json\/wp\/v2\/posts\/67046\/revisions"}],"wp:featuredmedia":[{"embeddable":true,"href":"https:\/\/tunimedia.tn\/fr\/wp-json\/wp\/v2\/media\/67047"}],"wp:attachment":[{"href":"https:\/\/tunimedia.tn\/fr\/wp-json\/wp\/v2\/media?parent=67046"}],"wp:term":[{"taxonomy":"category","embeddable":true,"href":"https:\/\/tunimedia.tn\/fr\/wp-json\/wp\/v2\/categories?post=67046"},{"taxonomy":"post_tag","embeddable":true,"href":"https:\/\/tunimedia.tn\/fr\/wp-json\/wp\/v2\/tags?post=67046"}],"curies":[{"name":"wp","href":"https:\/\/api.w.org\/{rel}","templated":true}]}}