{"id":67045,"date":"2023-09-01T21:14:22","date_gmt":"2023-09-01T21:14:22","guid":{"rendered":"https:\/\/www.tunimedia.tn\/fr\/lens-fait-un-dernier-gros-coup-officiel\/"},"modified":"2023-09-01T21:14:22","modified_gmt":"2023-09-01T21:14:22","slug":"lens-fait-un-dernier-gros-coup-officiel","status":"publish","type":"post","link":"https:\/\/tunimedia.tn\/fr\/lens-fait-un-dernier-gros-coup-officiel\/","title":{"rendered":"Lens fait un dernier gros coup ! (OFFICIEL)"},"content":{"rendered":"<p> [ad_1]\n<\/p>\n<p>\nLe Racing Club de Lens a annonc\u00e9 ce vendredi l&rsquo;arriv\u00e9e d&rsquo;un renfort de poids. <\/p>\n<div>\n<p>Attendu depuis 48 heures, le deal a \u00e9t\u00e9 officialis\u00e9 ce vendredi soir, \u00e0 quelques minutes de la fin du mercato estival : Roben Aguilar est lensois. Le Racing a annonc\u00e9 la signature du d\u00e9fenseur international fran\u00e7ais, qui a paraph\u00e9 un contrat de 3 ans avec le club art\u00e9sien. Il portera le num\u00e9ro 2.* <\/p>\n<blockquote class=\"twitter-tweet\" data-width=\"500\" data-dnt=\"true\">\n<p lang=\"fr\" dir=\"ltr\">&#x1f690;  2023, \u0301 8&#x20e3;<\/p>\n<p>Le Racing et son MercaTour effectuent un d\u00e9tour &#x1f500;<\/p>\n<p>Passage par une destination \u00e9vocatrice pour un premier contact indirect avec le coach art\u00e9sien. &#x1faa7;&#x1f609;<\/p>\n<p>&#x1f449; <a href=\"https:\/\/t.co\/vNcfEybg53\">https:\/\/t.co\/vNcfEybg53<\/a><a href=\"https:\/\/twitter.com\/hashtag\/MercaTour2023?src=hash&amp;ref_src=twsrc%5Etfw\">#MercaTour2023<\/a> <a href=\"https:\/\/twitter.com\/hashtag\/FierDEtreLensois?src=hash&amp;ref_src=twsrc%5Etfw\">#FierDEtreLensois<\/a> <a href=\"https:\/\/t.co\/d4HTgxAeAT\">pic.twitter.com\/d4HTgxAeAT<\/a><\/p>\n<p>\u2014 Racing Club de Lens (@RCLens) <a href=\"https:\/\/twitter.com\/RCLens\/status\/1697697264427470920?ref_src=twsrc%5Etfw\">September 1, 2023<\/a><\/p>\n<\/blockquote>\n<p>L\u2019op\u00e9ration aurait \u00e9t\u00e9 boucl\u00e9e pour une indemnit\u00e9 de transfert de 3,5 millions d\u2019euros, \u00e0 laquelle s\u2019ajouterait un bonus \u00e0 hauteur de 500.000 euros. Ruben Aguilar, 30 ans, \u00e9voluait \u00e0 l\u2019AS Monaco depuis 4 ans, apr\u00e8s son arriv\u00e9e en 2019 en provenance de Montpellier. G\u00e9n\u00e9reux dans l\u2019effort, contre-attaquant efficace, ce joueur r\u00e9v\u00e9l\u00e9 \u00e0 l\u2019AJ Auxerre au niveau professionnel a franchi un cap sur le Rocher, au point de taper dans l\u2019oeil de Didier Deschamps.<\/p>\n<p><em>\u00ab La signature de Ruben constitue un renfort de choix,<\/em> s\u2019est enthousiasm\u00e9 Arnaud Pouille, le directeur g\u00e9n\u00e9ral du RC Lens<em>. De Grenoble \u00e0 Monaco en passant par l\u2019\u00c9quipe de France A, c\u2019est une valeur s\u00fbre du championnat qui nous rejoint. Ruben est un d\u00e9fenseur combattif, un joueur de club en phase avec l\u2019ADN familial du Racing, un travailleur qui se donne pour le collectif. Ses valeurs collent tellement aux n\u00f4tres que les \u00e9changes ont \u00e9t\u00e9 rapides, quasi naturels. Quand il a pris la d\u00e9cision de quitter l\u2019AS Monaco, Ruben a tout de suite fait de Lens sa priorit\u00e9. Son exp\u00e9rience du tr\u00e8s haut niveau, son gros volume de jeu et son envie de s\u2019investir dans le projet lensois nous seront extr\u00eamement b\u00e9n\u00e9fiques. Bienvenue en Sang et Or Ruben !<\/em><em> \u00bb,<\/em> a conclu le dirigeant.\u00a0 <em><br \/><\/em> <\/p>\n<p>Il est \u00e0 noter que Ruben Aguilar ne pourra pas faire ses d\u00e9buts d\u00e8s samedi soir puisque Lens sera oppos\u00e9 \u00e0 son ancien club, l\u2019AS Monaco. Les deux parties ont inclus une clause pour que le joueur ne soit pas align\u00e9.<\/p>\n<\/div>\n<p><script async src=\"\/\/platform.twitter.com\/widgets.js\" charset=\"utf-8\"><\/script><br \/>\n<br \/>[ad_2]\n<br \/><a href=\"https:\/\/www.football365.fr\/mercato-lens-fait-un-dernier-gros-coup-officiel-10135247.html?utm_source=rss_feed&#038;utm_medium=link&#038;utm_campaign=unknown\">Source link <\/a><\/p>\n","protected":false},"excerpt":{"rendered":"<p>[ad_1] Le Racing Club de Lens a annonc\u00e9 ce vendredi l&rsquo;arriv\u00e9e d&rsquo;un renfort de poids. Attendu depuis 48 heures, le deal a \u00e9t\u00e9 officialis\u00e9 ce vendredi soir, \u00e0 quelques minutes de la fin du mercato estival : Roben Aguilar est lensois. Le Racing a annonc\u00e9 la signature du d\u00e9fenseur international fran\u00e7ais, qui a paraph\u00e9 un &hellip;<\/p>\n","protected":false},"author":1,"featured_media":66055,"comment_status":"open","ping_status":"open","sticky":false,"template":"","format":"standard","meta":{"_seopress_robots_primary_cat":"","_seopress_titles_title":"","_seopress_titles_desc":"","_seopress_robots_index":"","_jetpack_memberships_contains_paid_content":false,"footnotes":""},"categories":[350],"tags":[],"class_list":["post-67045","post","type-post","status-publish","format-standard","has-post-thumbnail","hentry","category-sport"],"jetpack_featured_media_url":"https:\/\/tunimedia.tn\/fr\/wp-content\/uploads\/2023\/08\/Supporters-RC-Lens.jpg","jetpack_sharing_enabled":true,"amp_enabled":true,"_links":{"self":[{"href":"https:\/\/tunimedia.tn\/fr\/wp-json\/wp\/v2\/posts\/67045","targetHints":{"allow":["GET"]}}],"collection":[{"href":"https:\/\/tunimedia.tn\/fr\/wp-json\/wp\/v2\/posts"}],"about":[{"href":"https:\/\/tunimedia.tn\/fr\/wp-json\/wp\/v2\/types\/post"}],"author":[{"embeddable":true,"href":"https:\/\/tunimedia.tn\/fr\/wp-json\/wp\/v2\/users\/1"}],"replies":[{"embeddable":true,"href":"https:\/\/tunimedia.tn\/fr\/wp-json\/wp\/v2\/comments?post=67045"}],"version-history":[{"count":0,"href":"https:\/\/tunimedia.tn\/fr\/wp-json\/wp\/v2\/posts\/67045\/revisions"}],"wp:featuredmedia":[{"embeddable":true,"href":"https:\/\/tunimedia.tn\/fr\/wp-json\/wp\/v2\/media\/66055"}],"wp:attachment":[{"href":"https:\/\/tunimedia.tn\/fr\/wp-json\/wp\/v2\/media?parent=67045"}],"wp:term":[{"taxonomy":"category","embeddable":true,"href":"https:\/\/tunimedia.tn\/fr\/wp-json\/wp\/v2\/categories?post=67045"},{"taxonomy":"post_tag","embeddable":true,"href":"https:\/\/tunimedia.tn\/fr\/wp-json\/wp\/v2\/tags?post=67045"}],"curies":[{"name":"wp","href":"https:\/\/api.w.org\/{rel}","templated":true}]}}