{"id":67044,"date":"2023-09-01T20:50:46","date_gmt":"2023-09-01T20:50:46","guid":{"rendered":"http:\/\/www.tunimedia.tn\/fr\/kolo-muani-au-psg-les-raisons-du-couac\/"},"modified":"2023-09-01T20:50:46","modified_gmt":"2023-09-01T20:50:46","slug":"kolo-muani-au-psg-les-raisons-du-couac","status":"publish","type":"post","link":"https:\/\/tunimedia.tn\/fr\/kolo-muani-au-psg-les-raisons-du-couac\/","title":{"rendered":"Kolo Muani au PSG, les raisons du couac"},"content":{"rendered":"<p> [ad_1]\n<\/p>\n<p>\nD&rsquo;apr\u00e8s Le Parisien, le PSG et Francfort sont tomb\u00e9s d&rsquo;accord pour le transfert de Randal Kolo Muani. Mais un \u00e9l\u00e9ment en particulier joue en d\u00e9faveur du club parisien. <\/p>\n<div>\n<p>Kolo Muani va-t-il rejoindre le Paris Saint-Germain cet \u00e9t\u00e9 ? Rien n\u2019est moins s\u00fbr. Alors que les n\u00e9gociations se poursuivent autour du transfert de l\u2019attaquant fran\u00e7ais de l\u2019Eintracht Francfort \u00e0 Paris, <em>Le Parisien<\/em> indique ce vendredi que le club allemand a tent\u00e9, en parall\u00e8le, de s\u2019attacher les services du jeune attaquant du Bayern Munich, Mathys Tel, sous la forme d\u2019un pr\u00eat. <\/p>\n<blockquote>\n<p><strong>Lire aussi \u2013 <a href=\"https:\/\/www.football365.fr\/om-enorme-surprise-pour-le-prix-de-guendouzi-10131401.html\">OM : \u00e9norme surprise pour le prix de Guendouzi<\/a><\/strong> <\/p>\n<\/blockquote>\n<p>Le SGE s\u2019est toutefois heurt\u00e9 au refus de la p\u00e9pite bavaroise, un deuxi\u00e8me \u00e9chec pour le club allemand, apr\u00e8s celui essuy\u00e9 sur le dossier Hugo Ekitike. Cons\u00e9quence de cela, les dirigeants francfortois pourraient retenir le vice-champion du monde 2022. Ce malgr\u00e9 un accord avec leurs homologues parisiens, \u00e0 hauteur de 90 millions plus les bonus.<del\/><\/p>\n<\/div>\n[ad_2]\n<br \/><a href=\"https:\/\/www.football365.fr\/kolo-muani-au-psg-les-raisons-du-couac-10135228.html?utm_source=rss_feed&#038;utm_medium=link&#038;utm_campaign=unknown\">Source link <\/a><\/p>\n","protected":false},"excerpt":{"rendered":"<p>[ad_1] D&rsquo;apr\u00e8s Le Parisien, le PSG et Francfort sont tomb\u00e9s d&rsquo;accord pour le transfert de Randal Kolo Muani. Mais un \u00e9l\u00e9ment en particulier joue en d\u00e9faveur du club parisien. Kolo Muani va-t-il rejoindre le Paris Saint-Germain cet \u00e9t\u00e9 ? Rien n\u2019est moins s\u00fbr. Alors que les n\u00e9gociations se poursuivent autour du transfert de l\u2019attaquant fran\u00e7ais &hellip;<\/p>\n","protected":false},"author":1,"featured_media":59211,"comment_status":"open","ping_status":"open","sticky":false,"template":"","format":"standard","meta":{"_seopress_robots_primary_cat":"","_seopress_titles_title":"","_seopress_titles_desc":"","_seopress_robots_index":"","_jetpack_memberships_contains_paid_content":false,"footnotes":""},"categories":[350],"tags":[],"class_list":["post-67044","post","type-post","status-publish","format-standard","has-post-thumbnail","hentry","category-sport"],"jetpack_featured_media_url":"https:\/\/tunimedia.tn\/fr\/wp-content\/uploads\/2023\/05\/PANORAMIC_265123_00711.jpg","jetpack_sharing_enabled":true,"amp_enabled":true,"_links":{"self":[{"href":"https:\/\/tunimedia.tn\/fr\/wp-json\/wp\/v2\/posts\/67044","targetHints":{"allow":["GET"]}}],"collection":[{"href":"https:\/\/tunimedia.tn\/fr\/wp-json\/wp\/v2\/posts"}],"about":[{"href":"https:\/\/tunimedia.tn\/fr\/wp-json\/wp\/v2\/types\/post"}],"author":[{"embeddable":true,"href":"https:\/\/tunimedia.tn\/fr\/wp-json\/wp\/v2\/users\/1"}],"replies":[{"embeddable":true,"href":"https:\/\/tunimedia.tn\/fr\/wp-json\/wp\/v2\/comments?post=67044"}],"version-history":[{"count":0,"href":"https:\/\/tunimedia.tn\/fr\/wp-json\/wp\/v2\/posts\/67044\/revisions"}],"wp:featuredmedia":[{"embeddable":true,"href":"https:\/\/tunimedia.tn\/fr\/wp-json\/wp\/v2\/media\/59211"}],"wp:attachment":[{"href":"https:\/\/tunimedia.tn\/fr\/wp-json\/wp\/v2\/media?parent=67044"}],"wp:term":[{"taxonomy":"category","embeddable":true,"href":"https:\/\/tunimedia.tn\/fr\/wp-json\/wp\/v2\/categories?post=67044"},{"taxonomy":"post_tag","embeddable":true,"href":"https:\/\/tunimedia.tn\/fr\/wp-json\/wp\/v2\/tags?post=67044"}],"curies":[{"name":"wp","href":"https:\/\/api.w.org\/{rel}","templated":true}]}}