{"id":67040,"date":"2023-09-01T20:02:22","date_gmt":"2023-09-01T20:02:22","guid":{"rendered":"https:\/\/www.tunimedia.tn\/fr\/2-annonces-a-rennes-fin-de-mercato-etonnante\/"},"modified":"2023-09-01T20:02:22","modified_gmt":"2023-09-01T20:02:22","slug":"2-annonces-a-rennes-fin-de-mercato-etonnante","status":"publish","type":"post","link":"https:\/\/tunimedia.tn\/fr\/2-annonces-a-rennes-fin-de-mercato-etonnante\/","title":{"rendered":"2 annonces \u00e0 Rennes ! Fin de mercato \u00e9tonnante"},"content":{"rendered":"<p> [ad_1]\n<\/p>\n<p>\nLe Stade Rennais aura \u00e9t\u00e9 l&rsquo;un des acteurs majeurs de ce mercato sur la sc\u00e8ne hexagonale. <\/p>\n<div>\n<p>En attirant des joueurs comme Enzo Le F\u00e9e, Ludovic Blas ou encore l\u2019exp\u00e9riment\u00e9 Nemanja Matic, le Stade Rennais s\u2019est consid\u00e9rablement renforc\u00e9 durant ce mercato d\u2019\u00e9t\u00e9. Le club breton a \u00e9t\u00e9 sur tous les fronts, y compris lors de cette derni\u00e8re journ\u00e9e de mercato, mais les prochaines minutes s\u2019annoncent plut\u00f4t calmes. <\/p>\n<blockquote>\n<p><strong>Lire aussi \u2013 <a href=\"https:\/\/www.football365.fr\/psg-nouveau-transfert-annonce-avant-kolo-muani-officiel-10135101.html\">PSG : nouveau transfert annonc\u00e9 avant Kolo Muani (OFFICIEL)<\/a><\/strong> <\/p>\n<\/blockquote>\n<p>La derni\u00e8re op\u00e9ration de cette fen\u00eatre estivale pourrait \u00eatre le d\u00e9part du gardien Alfred Gomis au FC Lorient. Le portier international s\u00e9n\u00e9galais rejoint le voisin breton sous la forme d\u2019un pr\u00eat sans option d\u2019achat, pour une saison. Il devrait \u00eatre la doublure d\u2019Yvon Mvogo chez les Merlus.<\/p>\n<h2>Le calme plat en d\u00e9fense<\/h2>\n<p>Parall\u00e8lement \u00e0 cela, le secteur d\u00e9fensif ne devrait pas bouger. Arthur Theate, annonc\u00e9 sur le d\u00e9part, serait finalement pressenti pour prolonger son contrat. Le d\u00e9fenseur colombien de Tottenham Davinson Sanchez, scrut\u00e9 pour combler son \u00e9ventuel d\u00e9part, ne rejoindra pas Rennes. \u00ab\u00a0<em>Davinson Sanchez ? On a arr\u00eat\u00e9 les discussions avec le club de Tottenham il y a d\u00e9j\u00e0 48 heures. Normalement, il ne sera pas Rennais la saison prochaine<\/em>\u00ab\u00a0, a expliqu\u00e9 le pr\u00e9sident Olivier Cloarec au micro de <em>Canal +<\/em>. <\/p>\n<\/div>\n[ad_2]\n<br \/><a href=\"https:\/\/www.football365.fr\/2-annonces-a-rennes-fin-de-mercato-etonnante-10135229.html?utm_source=rss_feed&#038;utm_medium=link&#038;utm_campaign=unknown\">Source link <\/a><\/p>\n","protected":false},"excerpt":{"rendered":"<p>[ad_1] Le Stade Rennais aura \u00e9t\u00e9 l&rsquo;un des acteurs majeurs de ce mercato sur la sc\u00e8ne hexagonale. En attirant des joueurs comme Enzo Le F\u00e9e, Ludovic Blas ou encore l\u2019exp\u00e9riment\u00e9 Nemanja Matic, le Stade Rennais s\u2019est consid\u00e9rablement renforc\u00e9 durant ce mercato d\u2019\u00e9t\u00e9. Le club breton a \u00e9t\u00e9 sur tous les fronts, y compris lors de &hellip;<\/p>\n","protected":false},"author":1,"featured_media":67041,"comment_status":"open","ping_status":"open","sticky":false,"template":"","format":"standard","meta":{"_seopress_robots_primary_cat":"","_seopress_titles_title":"","_seopress_titles_desc":"","_seopress_robots_index":"","_jetpack_memberships_contains_paid_content":false,"footnotes":""},"categories":[350],"tags":[],"class_list":["post-67040","post","type-post","status-publish","format-standard","has-post-thumbnail","hentry","category-sport"],"jetpack_featured_media_url":"https:\/\/tunimedia.tn\/fr\/wp-content\/uploads\/2023\/09\/Roazhon-Park.jpg","jetpack_sharing_enabled":true,"amp_enabled":true,"_links":{"self":[{"href":"https:\/\/tunimedia.tn\/fr\/wp-json\/wp\/v2\/posts\/67040","targetHints":{"allow":["GET"]}}],"collection":[{"href":"https:\/\/tunimedia.tn\/fr\/wp-json\/wp\/v2\/posts"}],"about":[{"href":"https:\/\/tunimedia.tn\/fr\/wp-json\/wp\/v2\/types\/post"}],"author":[{"embeddable":true,"href":"https:\/\/tunimedia.tn\/fr\/wp-json\/wp\/v2\/users\/1"}],"replies":[{"embeddable":true,"href":"https:\/\/tunimedia.tn\/fr\/wp-json\/wp\/v2\/comments?post=67040"}],"version-history":[{"count":0,"href":"https:\/\/tunimedia.tn\/fr\/wp-json\/wp\/v2\/posts\/67040\/revisions"}],"wp:featuredmedia":[{"embeddable":true,"href":"https:\/\/tunimedia.tn\/fr\/wp-json\/wp\/v2\/media\/67041"}],"wp:attachment":[{"href":"https:\/\/tunimedia.tn\/fr\/wp-json\/wp\/v2\/media?parent=67040"}],"wp:term":[{"taxonomy":"category","embeddable":true,"href":"https:\/\/tunimedia.tn\/fr\/wp-json\/wp\/v2\/categories?post=67040"},{"taxonomy":"post_tag","embeddable":true,"href":"https:\/\/tunimedia.tn\/fr\/wp-json\/wp\/v2\/tags?post=67040"}],"curies":[{"name":"wp","href":"https:\/\/api.w.org\/{rel}","templated":true}]}}