{"id":67038,"date":"2023-09-01T19:38:27","date_gmt":"2023-09-01T19:38:27","guid":{"rendered":"http:\/\/www.tunimedia.tn\/fr\/verratti-encore-au-psg-samedi-nouveau-retournement-de-situation\/"},"modified":"2023-09-01T19:38:27","modified_gmt":"2023-09-01T19:38:27","slug":"verratti-encore-au-psg-samedi-nouveau-retournement-de-situation","status":"publish","type":"post","link":"https:\/\/tunimedia.tn\/fr\/verratti-encore-au-psg-samedi-nouveau-retournement-de-situation\/","title":{"rendered":"Verratti encore au PSG samedi ? Nouveau retournement de situation !"},"content":{"rendered":"<p> [ad_1]\n<\/p>\n<p>\nAnnonc\u00e9 au Qatar, Marco Verratti sera peut-\u00eatre encore dans l&rsquo;effectif du Paris Saint-Germain ce samedi matin. Explications. <\/p>\n<div>\n<p>Pour ce qu\u2019il est, ce qu\u2019il a fait et ce qu\u2019il repr\u00e9sente, Marco Verratti restera dans la l\u00e9gende du Paris Saint-Germain. La grande aventure du petit italien dans la capitale pourrait pourtant prendre fin cet \u00e9t\u00e9, 11 ans apr\u00e8s son arriv\u00e9e. Ce dossier est donc tr\u00e8s sensible dans l\u2019environnement du club. Coqueluche d\u2019une partie des supporters, point\u00e9 du doigt par certains groupes, Marco Verratti est en pleine tourmente. Les \u00e9v\u00e9nements de la saison pass\u00e9e ont douch\u00e9 son enthousiasme. <\/p>\n<blockquote>\n<p><strong>Lire aussi \u2013 <a href=\"https:\/\/www.football365.fr\/psg-nouveau-transfert-annonce-avant-kolo-muani-officiel-10135101.html\">PSG : nouveau transfert annonc\u00e9 avant Kolo Muani (OFFICIEL)<\/a><\/strong> <\/p>\n<\/blockquote>\n<p>Marco Verratti a affich\u00e9 son mal-\u00eatre durant tout l\u2019\u00e9t\u00e9. Le petit Italien a mal v\u00e9cu les d\u00e9parts de Neymar et Lionel Messi, dont il \u00e9tait proche, mais aussi les critiques incessantes dont il fait l\u2019objet, notamment au sujet de son hygi\u00e8ne de vie. L\u2019\u00c9quipe indiquait ce jeudi soir que la direction du Paris Saint-Germain avait trouv\u00e9 un accord avec le club d\u2019Al-Arabi pour le transfert de l\u2019international italien. Mais alors que le march\u00e9 s\u2019appr\u00eate \u00e0 fermer ses portes en France, Verratti ne sera peut-\u00eatre pas transf\u00e9r\u00e9 avant minuit.<\/p>\n<h2>Verratti, un dossier qui n\u2019est pas r\u00e9gl\u00e9<\/h2>\n<p>Actuellement sur tous les fronts, les d\u00e9cideurs du Paris Saint-Germain ont en effet la possibilit\u00e9 d\u2019attendre quelques jours suppl\u00e9mentaires pour boucler cette op\u00e9ration, consid\u00e9rant que le Qatar soit bien la prochaine destination de Verratti. En effet, le mercato d\u2019\u00e9t\u00e9 au Qatar sera clos dans plus de deux semaines, le 18 septembre exactement. Et si l\u2019Italien se dirigeait vers un autre pays du Golfe, l\u2019Arabie saoudite, Paris aurait alors jusqu\u2019au 7 septembre pour finaliser le deal. Il n\u2019est donc pas \u00e0 exclure que Marco Verratti soit r\u00e9int\u00e9gr\u00e9 dans le groupe du PSG pour le prochain match \u00e0 Lyon, s\u2019il est toujours parisien d\u2019ici l\u00e0\u2026 <\/p>\n<\/div>\n[ad_2]\n<br \/><a href=\"https:\/\/www.football365.fr\/verratti-encore-au-psg-samedi-nouveau-retournement-de-situation-10135129.html?utm_source=rss_feed&#038;utm_medium=link&#038;utm_campaign=unknown\">Source link <\/a><\/p>\n","protected":false},"excerpt":{"rendered":"<p>[ad_1] Annonc\u00e9 au Qatar, Marco Verratti sera peut-\u00eatre encore dans l&rsquo;effectif du Paris Saint-Germain ce samedi matin. Explications. Pour ce qu\u2019il est, ce qu\u2019il a fait et ce qu\u2019il repr\u00e9sente, Marco Verratti restera dans la l\u00e9gende du Paris Saint-Germain. La grande aventure du petit italien dans la capitale pourrait pourtant prendre fin cet \u00e9t\u00e9, 11 &hellip;<\/p>\n","protected":false},"author":1,"featured_media":67039,"comment_status":"open","ping_status":"open","sticky":false,"template":"","format":"standard","meta":{"_seopress_robots_primary_cat":"","_seopress_titles_title":"","_seopress_titles_desc":"","_seopress_robots_index":"","_jetpack_memberships_contains_paid_content":false,"footnotes":""},"categories":[350],"tags":[],"class_list":["post-67038","post","type-post","status-publish","format-standard","has-post-thumbnail","hentry","category-sport"],"jetpack_featured_media_url":"https:\/\/tunimedia.tn\/fr\/wp-content\/uploads\/2023\/09\/PANORAMIC_273590_00791.jpg","jetpack_sharing_enabled":true,"amp_enabled":true,"_links":{"self":[{"href":"https:\/\/tunimedia.tn\/fr\/wp-json\/wp\/v2\/posts\/67038","targetHints":{"allow":["GET"]}}],"collection":[{"href":"https:\/\/tunimedia.tn\/fr\/wp-json\/wp\/v2\/posts"}],"about":[{"href":"https:\/\/tunimedia.tn\/fr\/wp-json\/wp\/v2\/types\/post"}],"author":[{"embeddable":true,"href":"https:\/\/tunimedia.tn\/fr\/wp-json\/wp\/v2\/users\/1"}],"replies":[{"embeddable":true,"href":"https:\/\/tunimedia.tn\/fr\/wp-json\/wp\/v2\/comments?post=67038"}],"version-history":[{"count":0,"href":"https:\/\/tunimedia.tn\/fr\/wp-json\/wp\/v2\/posts\/67038\/revisions"}],"wp:featuredmedia":[{"embeddable":true,"href":"https:\/\/tunimedia.tn\/fr\/wp-json\/wp\/v2\/media\/67039"}],"wp:attachment":[{"href":"https:\/\/tunimedia.tn\/fr\/wp-json\/wp\/v2\/media?parent=67038"}],"wp:term":[{"taxonomy":"category","embeddable":true,"href":"https:\/\/tunimedia.tn\/fr\/wp-json\/wp\/v2\/categories?post=67038"},{"taxonomy":"post_tag","embeddable":true,"href":"https:\/\/tunimedia.tn\/fr\/wp-json\/wp\/v2\/tags?post=67038"}],"curies":[{"name":"wp","href":"https:\/\/api.w.org\/{rel}","templated":true}]}}