{"id":67035,"date":"2023-09-01T18:49:28","date_gmt":"2023-09-01T18:49:28","guid":{"rendered":"https:\/\/www.tunimedia.tn\/fr\/kolo-muani-rothen-denonce-une-prise-dotage\/"},"modified":"2023-09-01T18:49:28","modified_gmt":"2023-09-01T18:49:28","slug":"kolo-muani-rothen-denonce-une-prise-dotage","status":"publish","type":"post","link":"https:\/\/tunimedia.tn\/fr\/kolo-muani-rothen-denonce-une-prise-dotage\/","title":{"rendered":"Kolo Muani, Rothen d\u00e9nonce \u00ab\u00a0une prise d&rsquo;otage\u00a0\u00bb"},"content":{"rendered":"<p> [ad_1]\n<\/p>\n<p>\nJ\u00e9r\u00f4me Rothen a s\u00e9v\u00e8rement critiqu\u00e9 la gestion de l&rsquo;attaquant international tricolore Randal Kolo Muani par l&rsquo;Eintracht Francfort. <\/p>\n<div>\n<p>Alors que le mercato estival touche presque \u00e0 sa fin, le dossier Randal Kolo Muani continue de faire couler de l\u2019encre. Notamment, du c\u00f4t\u00e9 de l\u2019Hexagone. En effet, l\u2019attaquant fran\u00e7ais, qui a d\u00e9j\u00e0 fait part publiquement de son d\u00e9sir de rejoindre le Paris Saint-Germain, voit son transfert bloqu\u00e9 par son club, l\u2019Eintracht Francfort. Ce dernier aurait ferm\u00e9 la porte \u00e0 un d\u00e9part du vice-champion du monde 2022, <strong><a href=\"https:\/\/www.football365.fr\/kolo-muani-au-psg-francfort-dit-finalement-non-10135166.html\">en raison des difficult\u00e9s \u00e0 lui trouver un rempla\u00e7ant<\/a>.<\/strong> Une d\u00e9cision qui n\u2019a pas \u00e9t\u00e9 du go\u00fbt de J\u00e9r\u00f4me Rothen, tr\u00e8s d\u00e9\u00e7u de la tournure des \u00e9v\u00e9nements. <\/p>\n<blockquote>\n<p><strong>Lire aussi \u2013 <a href=\"https:\/\/www.football365.fr\/stupefaction-bientot-la-fin-de-liptv-10134635.html\">Stup\u00e9faction ! Bient\u00f4t la fin de l\u2019IPTV<\/a><\/strong> <\/p>\n<\/blockquote>\n<p><em>\u00ab\u00a0On nous explique en Allemagne que Francfort n\u2019a pas trouv\u00e9 le rempla\u00e7ant. C\u2019est du foutage de gueule. Encore une fois, moi je suis malheureux, on prend le joueur en otage. Qu\u2019est-ce qu\u2019on va dire ? Il ne fallait pas que le joueur fasse gr\u00e8ve ou qu\u2019il parte sur Paris ? (\u2026) Vous imaginez s\u2019il doit retourner l\u00e0-bas, avec le discours que son entra\u00eeneur a eu ? L\u2019ambiance\u2026 J\u2019esp\u00e8re qu\u2019ils vont trouver une solution vraiment\u00a0\u00bb<\/em>, a ainsi d\u00e9clar\u00e9 l\u2019ancien Parisien sur les ondes de RMC.<\/p>\n<\/div>\n[ad_2]\n<br \/><a href=\"https:\/\/www.football365.fr\/psg-kolo-muani-rothen-denonce-une-prise-dotage-10135200.html?utm_source=rss_feed&#038;utm_medium=link&#038;utm_campaign=unknown\">Source link <\/a><\/p>\n","protected":false},"excerpt":{"rendered":"<p>[ad_1] J\u00e9r\u00f4me Rothen a s\u00e9v\u00e8rement critiqu\u00e9 la gestion de l&rsquo;attaquant international tricolore Randal Kolo Muani par l&rsquo;Eintracht Francfort. Alors que le mercato estival touche presque \u00e0 sa fin, le dossier Randal Kolo Muani continue de faire couler de l\u2019encre. Notamment, du c\u00f4t\u00e9 de l\u2019Hexagone. En effet, l\u2019attaquant fran\u00e7ais, qui a d\u00e9j\u00e0 fait part publiquement de &hellip;<\/p>\n","protected":false},"author":1,"featured_media":67036,"comment_status":"open","ping_status":"open","sticky":false,"template":"","format":"standard","meta":{"_seopress_robots_primary_cat":"","_seopress_titles_title":"","_seopress_titles_desc":"","_seopress_robots_index":"","_jetpack_memberships_contains_paid_content":false,"footnotes":""},"categories":[350],"tags":[],"class_list":["post-67035","post","type-post","status-publish","format-standard","has-post-thumbnail","hentry","category-sport"],"jetpack_featured_media_url":"https:\/\/tunimedia.tn\/fr\/wp-content\/uploads\/2023\/09\/PANORAMIC_268849_0063-1.jpg","jetpack_sharing_enabled":true,"amp_enabled":true,"_links":{"self":[{"href":"https:\/\/tunimedia.tn\/fr\/wp-json\/wp\/v2\/posts\/67035","targetHints":{"allow":["GET"]}}],"collection":[{"href":"https:\/\/tunimedia.tn\/fr\/wp-json\/wp\/v2\/posts"}],"about":[{"href":"https:\/\/tunimedia.tn\/fr\/wp-json\/wp\/v2\/types\/post"}],"author":[{"embeddable":true,"href":"https:\/\/tunimedia.tn\/fr\/wp-json\/wp\/v2\/users\/1"}],"replies":[{"embeddable":true,"href":"https:\/\/tunimedia.tn\/fr\/wp-json\/wp\/v2\/comments?post=67035"}],"version-history":[{"count":0,"href":"https:\/\/tunimedia.tn\/fr\/wp-json\/wp\/v2\/posts\/67035\/revisions"}],"wp:featuredmedia":[{"embeddable":true,"href":"https:\/\/tunimedia.tn\/fr\/wp-json\/wp\/v2\/media\/67036"}],"wp:attachment":[{"href":"https:\/\/tunimedia.tn\/fr\/wp-json\/wp\/v2\/media?parent=67035"}],"wp:term":[{"taxonomy":"category","embeddable":true,"href":"https:\/\/tunimedia.tn\/fr\/wp-json\/wp\/v2\/categories?post=67035"},{"taxonomy":"post_tag","embeddable":true,"href":"https:\/\/tunimedia.tn\/fr\/wp-json\/wp\/v2\/tags?post=67035"}],"curies":[{"name":"wp","href":"https:\/\/api.w.org\/{rel}","templated":true}]}}