{"id":67033,"date":"2023-09-01T18:25:50","date_gmt":"2023-09-01T18:25:50","guid":{"rendered":"https:\/\/www.tunimedia.tn\/fr\/kolo-muani-au-psg-francfort-dit-finalement-non\/"},"modified":"2023-09-01T18:25:50","modified_gmt":"2023-09-01T18:25:50","slug":"kolo-muani-au-psg-francfort-dit-finalement-non","status":"publish","type":"post","link":"https:\/\/tunimedia.tn\/fr\/kolo-muani-au-psg-francfort-dit-finalement-non\/","title":{"rendered":"Kolo Muani au PSG, Francfort dit finalement non"},"content":{"rendered":"<p> [ad_1]\n<\/p>\n<p>\nL&rsquo;Eintracht Francfort n&rsquo;ayant pas trouv\u00e9 de rempla\u00e7ant \u00e0 Kolo Muani, l&rsquo;avant-centre fran\u00e7ais ne viendra pas au PSG. C&rsquo;\u00e9tait la tr\u00e8s forte tendance apr\u00e8s 18 heures ce 1er septembre. <\/p>\n<div>\n<p>Vu de loin, comme \u00e7a, on a du mal \u00e0 comprendre. Dans la journ\u00e9e de vendredi, le PSG et l\u2019Eintracht Francfort avaient trouv\u00e9 un accord total pour le transfert de Randal Kolo Muani dans la capitale, pour un montant de 90 millions d\u2019euros (75+15). <\/p>\n<p>L\u2019avant-centre fran\u00e7ais se trouvait m\u00eame sur le chemin de la visite m\u00e9dicale mais on avait omis un d\u00e9tail \u00f4 combien capital. Pour officialiser l\u2019accord, le club de Bundesliga devait d\u2019abord remplacer l\u2019ancien joueur du FC Nantes avant\u2026. 18 heures ce 1er septembre, date de la fermeture des arriv\u00e9es en Allemagne. <\/p>\n<blockquote class=\"twitter-tweet\" data-width=\"500\" data-dnt=\"true\">\n<p lang=\"fr\" dir=\"ltr\">PSG : Crystal Palace ne l\u00e2che pas Ekitike <a href=\"https:\/\/t.co\/uH6VKsvyMn\">https:\/\/t.co\/uH6VKsvyMn<\/a><\/p>\n<p>\u2014 Foot 365 (@foot365) <a href=\"https:\/\/twitter.com\/foot365\/status\/1697629955557855252?ref_src=twsrc%5Etfw\">September 1, 2023<\/a><\/p>\n<\/blockquote>\n<p>La condition n\u2019a pas \u00e9t\u00e9 remplie, a confirm\u00e9 \u00e0 18h45 le correspondant de <em>L\u2019Equipe<\/em> outre-Rhin, sur la cha\u00eene du m\u00e9dia sportif. \u00ab\u00a0<em>Ils ont m\u00eame essay\u00e9 de se faire pr\u00eater Mathys Tel (<\/em>l\u2019attaquant fran\u00e7ais de 18 ans, ndr<em>) par le Bayern, mais sans r\u00e9sultat\u00a0\u00bb<\/em>, a pr\u00e9cise Alexis Menuge. <\/p>\n<p>L\u2019entra\u00eeneur de l\u2019Eintracht Francfort s\u2019est encore montr\u00e9 cat\u00e9gorique, a poursuivi le journaliste. Randal Kolo Muani ne partira pas cet \u00e9t\u00e9. Il subsistait toutefois une fois un petit doute, toujours selon le quotidien sportif.<\/p>\n<p>En cas de vente de Marco Verratti, Julian Draxler ou autres ind\u00e9sirables du PSG, dans la soir\u00e9e, le club parisien pourrait tenter une derni\u00e8re offre revaloris\u00e9e. Mais elle avait peu de chance d\u2019aboutir. <\/p>\n<\/div>\n<p><script async src=\"\/\/platform.twitter.com\/widgets.js\" charset=\"utf-8\"><\/script><br \/>\n<br \/>[ad_2]\n<br \/><a href=\"https:\/\/www.football365.fr\/kolo-muani-au-psg-francfort-dit-finalement-non-10135166.html?utm_source=rss_feed&#038;utm_medium=link&#038;utm_campaign=unknown\">Source link <\/a><\/p>\n","protected":false},"excerpt":{"rendered":"<p>[ad_1] L&rsquo;Eintracht Francfort n&rsquo;ayant pas trouv\u00e9 de rempla\u00e7ant \u00e0 Kolo Muani, l&rsquo;avant-centre fran\u00e7ais ne viendra pas au PSG. C&rsquo;\u00e9tait la tr\u00e8s forte tendance apr\u00e8s 18 heures ce 1er septembre. Vu de loin, comme \u00e7a, on a du mal \u00e0 comprendre. Dans la journ\u00e9e de vendredi, le PSG et l\u2019Eintracht Francfort avaient trouv\u00e9 un accord total &hellip;<\/p>\n","protected":false},"author":1,"featured_media":67034,"comment_status":"open","ping_status":"open","sticky":false,"template":"","format":"standard","meta":{"_seopress_robots_primary_cat":"","_seopress_titles_title":"","_seopress_titles_desc":"","_seopress_robots_index":"","_jetpack_memberships_contains_paid_content":false,"footnotes":""},"categories":[350],"tags":[],"class_list":["post-67033","post","type-post","status-publish","format-standard","has-post-thumbnail","hentry","category-sport"],"jetpack_featured_media_url":"https:\/\/tunimedia.tn\/fr\/wp-content\/uploads\/2023\/09\/Kolo-Muani-3.jpg","jetpack_sharing_enabled":true,"amp_enabled":true,"_links":{"self":[{"href":"https:\/\/tunimedia.tn\/fr\/wp-json\/wp\/v2\/posts\/67033","targetHints":{"allow":["GET"]}}],"collection":[{"href":"https:\/\/tunimedia.tn\/fr\/wp-json\/wp\/v2\/posts"}],"about":[{"href":"https:\/\/tunimedia.tn\/fr\/wp-json\/wp\/v2\/types\/post"}],"author":[{"embeddable":true,"href":"https:\/\/tunimedia.tn\/fr\/wp-json\/wp\/v2\/users\/1"}],"replies":[{"embeddable":true,"href":"https:\/\/tunimedia.tn\/fr\/wp-json\/wp\/v2\/comments?post=67033"}],"version-history":[{"count":0,"href":"https:\/\/tunimedia.tn\/fr\/wp-json\/wp\/v2\/posts\/67033\/revisions"}],"wp:featuredmedia":[{"embeddable":true,"href":"https:\/\/tunimedia.tn\/fr\/wp-json\/wp\/v2\/media\/67034"}],"wp:attachment":[{"href":"https:\/\/tunimedia.tn\/fr\/wp-json\/wp\/v2\/media?parent=67033"}],"wp:term":[{"taxonomy":"category","embeddable":true,"href":"https:\/\/tunimedia.tn\/fr\/wp-json\/wp\/v2\/categories?post=67033"},{"taxonomy":"post_tag","embeddable":true,"href":"https:\/\/tunimedia.tn\/fr\/wp-json\/wp\/v2\/tags?post=67033"}],"curies":[{"name":"wp","href":"https:\/\/api.w.org\/{rel}","templated":true}]}}