{"id":67031,"date":"2023-09-01T18:01:30","date_gmt":"2023-09-01T18:01:30","guid":{"rendered":"https:\/\/www.tunimedia.tn\/fr\/un-ancien-red-signe-en-ligue-2\/"},"modified":"2023-09-01T18:01:30","modified_gmt":"2023-09-01T18:01:30","slug":"un-ancien-red-signe-en-ligue-2","status":"publish","type":"post","link":"https:\/\/tunimedia.tn\/fr\/un-ancien-red-signe-en-ligue-2\/","title":{"rendered":"Un ancien Red signe en Ligue 2"},"content":{"rendered":"<p> [ad_1]\n<\/p>\n<p>\nL&rsquo;attaquant anglais Andy Carroll a paraph\u00e9 un contrat de deux ans en faveur d&rsquo;Amiens, le club de Ligue 2. <\/p>\n<div>\n<p>\u00c0 34 ans Andy Caroll va d\u00e9couvrir un nouveau championnat : la Ligue 2. Libre apr\u00e8s la rupture de son contrat d\u2019un commun accord avec Reading (League One), l\u2019attaquant anglais s\u2019est engag\u00e9 en faveur d\u2019Amiens pour deux saisons. <\/p>\n<blockquote>\n<p><strong>Lire aussi \u2013 <a href=\"https:\/\/www.football365.fr\/scandale-du-baiser-la-video-de-rubiales-qui-relance-tout-10134235.html\">Scandale du baiser : la vid\u00e9o de Rubiales qui relance tout<\/a><\/strong> <\/p>\n<\/blockquote>\n<blockquote class=\"twitter-tweet\" data-width=\"500\" data-dnt=\"true\">\n<p lang=\"fr\" dir=\"ltr\">&#x1f195; IL A DIT OUI ! <a href=\"https:\/\/t.co\/C26ldqCnei\">pic.twitter.com\/C26ldqCnei<\/a><\/p>\n<p>\u2014 Amiens SC (@AmiensSC) <a href=\"https:\/\/twitter.com\/AmiensSC\/status\/1697612332548178235?ref_src=twsrc%5Etfw\">September 1, 2023<\/a><\/p>\n<\/blockquote>\n<p>Un joli coup m\u00e9diatique \u2013 et esp\u00e9rons le, \u00e9galement sportif \u2013 pour les pensionnaires du stade de la Licorne qui sont parvenus \u00e0 s\u2019attacher les services de l\u2019ancien buteur de Newcastle et Liverpool, recrue la plus ch\u00e8re de l\u2019histoire des <em>Reds<\/em> (41 millions d\u2019euros) \u00e0 l\u2019\u00e9poque de son transfert au sein du club de la Mersey en janvier 2011. <\/p>\n<\/div>\n<p><script async src=\"\/\/platform.twitter.com\/widgets.js\" charset=\"utf-8\"><\/script><br \/>\n<br \/>[ad_2]\n<br \/><a href=\"https:\/\/www.football365.fr\/un-ancien-red-signe-en-ligue-2-10135156.html?utm_source=rss_feed&#038;utm_medium=link&#038;utm_campaign=unknown\">Source link <\/a><\/p>\n","protected":false},"excerpt":{"rendered":"<p>[ad_1] L&rsquo;attaquant anglais Andy Carroll a paraph\u00e9 un contrat de deux ans en faveur d&rsquo;Amiens, le club de Ligue 2. \u00c0 34 ans Andy Caroll va d\u00e9couvrir un nouveau championnat : la Ligue 2. Libre apr\u00e8s la rupture de son contrat d\u2019un commun accord avec Reading (League One), l\u2019attaquant anglais s\u2019est engag\u00e9 en faveur d\u2019Amiens &hellip;<\/p>\n","protected":false},"author":1,"featured_media":67032,"comment_status":"open","ping_status":"open","sticky":false,"template":"","format":"standard","meta":{"_seopress_robots_primary_cat":"","_seopress_titles_title":"","_seopress_titles_desc":"","_seopress_robots_index":"","_jetpack_memberships_contains_paid_content":false,"footnotes":""},"categories":[350],"tags":[],"class_list":["post-67031","post","type-post","status-publish","format-standard","has-post-thumbnail","hentry","category-sport"],"jetpack_featured_media_url":"https:\/\/tunimedia.tn\/fr\/wp-content\/uploads\/2023\/09\/andy-carroll.jpg","jetpack_sharing_enabled":true,"amp_enabled":true,"_links":{"self":[{"href":"https:\/\/tunimedia.tn\/fr\/wp-json\/wp\/v2\/posts\/67031","targetHints":{"allow":["GET"]}}],"collection":[{"href":"https:\/\/tunimedia.tn\/fr\/wp-json\/wp\/v2\/posts"}],"about":[{"href":"https:\/\/tunimedia.tn\/fr\/wp-json\/wp\/v2\/types\/post"}],"author":[{"embeddable":true,"href":"https:\/\/tunimedia.tn\/fr\/wp-json\/wp\/v2\/users\/1"}],"replies":[{"embeddable":true,"href":"https:\/\/tunimedia.tn\/fr\/wp-json\/wp\/v2\/comments?post=67031"}],"version-history":[{"count":0,"href":"https:\/\/tunimedia.tn\/fr\/wp-json\/wp\/v2\/posts\/67031\/revisions"}],"wp:featuredmedia":[{"embeddable":true,"href":"https:\/\/tunimedia.tn\/fr\/wp-json\/wp\/v2\/media\/67032"}],"wp:attachment":[{"href":"https:\/\/tunimedia.tn\/fr\/wp-json\/wp\/v2\/media?parent=67031"}],"wp:term":[{"taxonomy":"category","embeddable":true,"href":"https:\/\/tunimedia.tn\/fr\/wp-json\/wp\/v2\/categories?post=67031"},{"taxonomy":"post_tag","embeddable":true,"href":"https:\/\/tunimedia.tn\/fr\/wp-json\/wp\/v2\/tags?post=67031"}],"curies":[{"name":"wp","href":"https:\/\/api.w.org\/{rel}","templated":true}]}}