{"id":67030,"date":"2023-09-01T17:37:37","date_gmt":"2023-09-01T17:37:37","guid":{"rendered":"https:\/\/www.tunimedia.tn\/fr\/approche-forte-de-la-part-du-psg-pour-cette-star-mondiale\/"},"modified":"2023-09-01T17:37:37","modified_gmt":"2023-09-01T17:37:37","slug":"approche-forte-de-la-part-du-psg-pour-cette-star-mondiale","status":"publish","type":"post","link":"https:\/\/tunimedia.tn\/fr\/approche-forte-de-la-part-du-psg-pour-cette-star-mondiale\/","title":{"rendered":"\u00ab approche forte de la part du PSG \u00bb pour cette star mondiale !"},"content":{"rendered":"<p> [ad_1]\n<\/p>\n<p>\nLe Paris Saint-Germain est sur tous les fronts depuis le d\u00e9but du mercato. Un joueur a focalis\u00e9 l&rsquo;attention du club de la capitale cet \u00e9t\u00e9. <\/p>\n<div>\n<p>Bernardo Silva a prolong\u00e9 son contrat avec Manchester City jusqu\u2019en 2026. La fin d\u2019un long feuilleton pour le club britannique, qui souhaitait absolument conserver son milieu de terrain offensif apr\u00e8s les d\u00e9parts de Riyad Mahrez et Ilkay G\u00fcndogan, auxquels s\u2019ajoute la blessure s\u00e9rieuse de Kevin De Bruyne. <\/p>\n<blockquote>\n<p><strong>Lire aussi \u2013 <a href=\"https:\/\/www.football365.fr\/psg-un-probleme-goncalo-ramos-10133467.html\">PSG : un probl\u00e8me Gon\u00e7alo Ramos<\/a><\/strong> <\/p>\n<\/blockquote>\n<p><em>\u00ab J\u2019ai pass\u00e9 six ann\u00e9es incroyables \u00e0 Manchester City et je suis ravi de prolonger mon s\u00e9jour ici. La saison derni\u00e8re, remporter le tripl\u00e9 a \u00e9t\u00e9 extr\u00eamement sp\u00e9cial et c\u2019est excitant de faire partie d\u2019une \u00e9quipe o\u00f9 il y a une telle faim et une telle passion, <\/em>a soulign\u00e9 le milieu de terrain offensif.<em> Le succ\u00e8s vous pousse \u00e0 en vouloir encore plus, et ce club me donne l\u2019occasion de continuer \u00e0 gagner. J\u2019aime l\u2019entra\u00eeneur, mes co\u00e9quipiers et les supporters. J\u2019esp\u00e8re que nous pourrons partager encore plus de bons moments dans les ann\u00e9es \u00e0 venir\u00a0\u00bb.<br \/><\/em><\/p>\n<p>Le PSG peut-il revenir \u00e0 la charge dans un an ? L\u2019hypoth\u00e8se semble cr\u00e9dible. Car selon les informations de Relevo, le milieu de terrain offensif aurait n\u00e9goci\u00e9 une clause de d\u00e9part dans son nouveau contrat, et celle-ci serait estim\u00e9e \u00e0 58 millions d\u2019euros. Surtout, l\u2019ancien Mon\u00e9gasque \u00e9tait bien la priorit\u00e9 du club de la capitale, comme l\u2019a confirm\u00e9 son p\u00e8re Paulo Silva sur R\u00e1dio Renascen\u00e7a. \u00ab\u00a0<span class=\"News_texteCitation\"><em>Il y a eu une approche tr\u00e8s forte, avec une proposition et une volont\u00e9 de la part du PSG<\/em>\u00ab\u00a0. Des propos qui laissent pr\u00e9sager une nouvelle offensive du PSG dans un futur proche\u2026 <\/span> <\/p>\n<\/div>\n[ad_2]\n<br \/><a href=\"https:\/\/www.football365.fr\/mercato-approche-forte-de-la-part-du-psg-pour-cette-star-mondiale-10133369.html?utm_source=rss_feed&#038;utm_medium=link&#038;utm_campaign=unknown\">Source link <\/a><\/p>\n","protected":false},"excerpt":{"rendered":"<p>[ad_1] Le Paris Saint-Germain est sur tous les fronts depuis le d\u00e9but du mercato. Un joueur a focalis\u00e9 l&rsquo;attention du club de la capitale cet \u00e9t\u00e9. Bernardo Silva a prolong\u00e9 son contrat avec Manchester City jusqu\u2019en 2026. La fin d\u2019un long feuilleton pour le club britannique, qui souhaitait absolument conserver son milieu de terrain offensif &hellip;<\/p>\n","protected":false},"author":1,"featured_media":66951,"comment_status":"open","ping_status":"open","sticky":false,"template":"","format":"standard","meta":{"_seopress_robots_primary_cat":"","_seopress_titles_title":"","_seopress_titles_desc":"","_seopress_robots_index":"","_jetpack_memberships_contains_paid_content":false,"footnotes":""},"categories":[350],"tags":[],"class_list":["post-67030","post","type-post","status-publish","format-standard","has-post-thumbnail","hentry","category-sport"],"jetpack_featured_media_url":"https:\/\/tunimedia.tn\/fr\/wp-content\/uploads\/2023\/08\/Parc-des-Princes-PSG.jpg","jetpack_sharing_enabled":true,"amp_enabled":true,"_links":{"self":[{"href":"https:\/\/tunimedia.tn\/fr\/wp-json\/wp\/v2\/posts\/67030","targetHints":{"allow":["GET"]}}],"collection":[{"href":"https:\/\/tunimedia.tn\/fr\/wp-json\/wp\/v2\/posts"}],"about":[{"href":"https:\/\/tunimedia.tn\/fr\/wp-json\/wp\/v2\/types\/post"}],"author":[{"embeddable":true,"href":"https:\/\/tunimedia.tn\/fr\/wp-json\/wp\/v2\/users\/1"}],"replies":[{"embeddable":true,"href":"https:\/\/tunimedia.tn\/fr\/wp-json\/wp\/v2\/comments?post=67030"}],"version-history":[{"count":0,"href":"https:\/\/tunimedia.tn\/fr\/wp-json\/wp\/v2\/posts\/67030\/revisions"}],"wp:featuredmedia":[{"embeddable":true,"href":"https:\/\/tunimedia.tn\/fr\/wp-json\/wp\/v2\/media\/66951"}],"wp:attachment":[{"href":"https:\/\/tunimedia.tn\/fr\/wp-json\/wp\/v2\/media?parent=67030"}],"wp:term":[{"taxonomy":"category","embeddable":true,"href":"https:\/\/tunimedia.tn\/fr\/wp-json\/wp\/v2\/categories?post=67030"},{"taxonomy":"post_tag","embeddable":true,"href":"https:\/\/tunimedia.tn\/fr\/wp-json\/wp\/v2\/tags?post=67030"}],"curies":[{"name":"wp","href":"https:\/\/api.w.org\/{rel}","templated":true}]}}