{"id":6580,"date":"2021-05-23T22:54:12","date_gmt":"2021-05-23T22:54:12","guid":{"rendered":"https:\/\/www.tunimedia.tn\/fr\/benzema-platini-plonge-dans-la-polemique\/"},"modified":"2021-05-23T22:54:12","modified_gmt":"2021-05-23T22:54:12","slug":"benzema-platini-plonge-dans-la-polemique","status":"publish","type":"post","link":"https:\/\/tunimedia.tn\/fr\/benzema-platini-plonge-dans-la-polemique\/","title":{"rendered":"Benzema, Platini plonge dans la pol\u00e9mique !"},"content":{"rendered":"<p> [ad_1]\n<\/p>\n<p>\nUne pol\u00e9mique secoue actuellement le football fran\u00e7ais et Michel Platini n&rsquo;a pas peur d&rsquo;y faire face. <\/p>\n<div>\n<p>Le retour de Karim Benzema fait beaucoup parler depuis quelques jours et pas toujours en bien,<a href=\"https:\/\/www.football365.fr\/benzema-en-bleu-zemmour-sort-de-sa-boite-9969069.html\"> comme le font remarquer Eric Zemmour et Raymond Domenech<\/a>. Mais l\u2019\u00e9crasante majorit\u00e9 des Fran\u00e7ais est pour et dans cette majorit\u00e9, on retrouve Michel Platini. Mythique ancien joueur et ancien s\u00e9lectionneur des Bleus,<strong> l\u2019ex-meneur l\u00e9gendaire de jeu de l\u2019\u00e9quipe de France ne dissimule pas son enthousiasme\u00a0 \u00e0 l\u2019id\u00e9e d\u2019un retour de KB9.<\/strong><\/p>\n<blockquote class=\"twitter-tweet\">\n<p dir=\"ltr\" lang=\"fr\">\u00ab\u00a0Je ne vois pas le probl\u00e8me\u00a0\u00bb : Michel Platini r\u00e9agit \u00e0 la pol\u00e9mique autour de l\u2019hymne des <a href=\"https:\/\/twitter.com\/hashtag\/Bleus?src=hash&amp;ref_src=twsrc%5Etfw\">#Bleus<\/a> par <a href=\"https:\/\/twitter.com\/hashtag\/Youssoupha?src=hash&amp;ref_src=twsrc%5Etfw\">#Youssoupha<\/a> <a href=\"https:\/\/t.co\/f94LnWrTCC\">https:\/\/t.co\/f94LnWrTCC<\/a> <a href=\"https:\/\/t.co\/QpSvUZGX3H\">pic.twitter.com\/QpSvUZGX3H<\/a><\/p>\n<p>\u2014 LCI (@LCI) <a href=\"https:\/\/twitter.com\/LCI\/status\/1396405866350456833?ref_src=twsrc%5Etfw\">May 23, 2021<\/a><\/p>\n<\/blockquote>\n<p>\u00ab\u00a0C\u2019est un bon joueur, Benzema, c\u2019est un tr\u00e8s, tr\u00e8s bon joueur.<strong> On n\u2019est pas l\u2019avant-centre du Real Madrid toutes ces ann\u00e9es sans \u00eatre un tr\u00e8s, tr\u00e8s bon joueur<\/strong>\u00ab\u00a0, se f\u00e9licite ainsi Platini pour <em>LCI<\/em>. La prochaine association entre Benzema et Mbapp\u00e9 fait notamment saliver l\u2019ancien joueur de la Juve et fin connaisseur du football. \u00ab\u00a0Tout en brillant lui-m\u00eame, Benzema peut mettre encore plus Mbapp\u00e9 en valeur, analyse Platini. De la m\u00eame mani\u00e8re, il a mis en valeur Ronaldo pendant de nombreuses ann\u00e9es, et ensuite il a explos\u00e9.\u00a0\u00bb On a h\u00e2te.<\/p>\n<p>\u00a0<\/p>\n<\/div>\n<p><script async src=\"\/\/platform.twitter.com\/widgets.js\" charset=\"utf-8\"><\/script><br \/>\n<br \/>[ad_2]\n<br \/><a href=\"https:\/\/www.football365.fr\/benzema-youssoupha-platini-plonge-polemique-9969295.html\">Source link <\/a><\/p>\n","protected":false},"excerpt":{"rendered":"<p>[ad_1] Une pol\u00e9mique secoue actuellement le football fran\u00e7ais et Michel Platini n&rsquo;a pas peur d&rsquo;y faire face. Le retour de Karim Benzema fait beaucoup parler depuis quelques jours et pas toujours en bien, comme le font remarquer Eric Zemmour et Raymond Domenech. Mais l\u2019\u00e9crasante majorit\u00e9 des Fran\u00e7ais est pour et dans cette majorit\u00e9, on retrouve &hellip;<\/p>\n","protected":false},"author":1,"featured_media":6581,"comment_status":"open","ping_status":"open","sticky":false,"template":"","format":"standard","meta":{"_seopress_robots_primary_cat":"","_seopress_titles_title":"","_seopress_titles_desc":"","_seopress_robots_index":"","_jetpack_memberships_contains_paid_content":false,"footnotes":""},"categories":[350],"tags":[],"class_list":["post-6580","post","type-post","status-publish","format-standard","has-post-thumbnail","hentry","category-sport"],"jetpack_featured_media_url":"https:\/\/tunimedia.tn\/fr\/wp-content\/uploads\/2021\/05\/Olivier-Giroud-Benzema-\u00e9quipe-de-France.jpg","jetpack_sharing_enabled":true,"amp_enabled":true,"_links":{"self":[{"href":"https:\/\/tunimedia.tn\/fr\/wp-json\/wp\/v2\/posts\/6580","targetHints":{"allow":["GET"]}}],"collection":[{"href":"https:\/\/tunimedia.tn\/fr\/wp-json\/wp\/v2\/posts"}],"about":[{"href":"https:\/\/tunimedia.tn\/fr\/wp-json\/wp\/v2\/types\/post"}],"author":[{"embeddable":true,"href":"https:\/\/tunimedia.tn\/fr\/wp-json\/wp\/v2\/users\/1"}],"replies":[{"embeddable":true,"href":"https:\/\/tunimedia.tn\/fr\/wp-json\/wp\/v2\/comments?post=6580"}],"version-history":[{"count":0,"href":"https:\/\/tunimedia.tn\/fr\/wp-json\/wp\/v2\/posts\/6580\/revisions"}],"wp:featuredmedia":[{"embeddable":true,"href":"https:\/\/tunimedia.tn\/fr\/wp-json\/wp\/v2\/media\/6581"}],"wp:attachment":[{"href":"https:\/\/tunimedia.tn\/fr\/wp-json\/wp\/v2\/media?parent=6580"}],"wp:term":[{"taxonomy":"category","embeddable":true,"href":"https:\/\/tunimedia.tn\/fr\/wp-json\/wp\/v2\/categories?post=6580"},{"taxonomy":"post_tag","embeddable":true,"href":"https:\/\/tunimedia.tn\/fr\/wp-json\/wp\/v2\/tags?post=6580"}],"curies":[{"name":"wp","href":"https:\/\/api.w.org\/{rel}","templated":true}]}}