{"id":64156,"date":"2023-07-22T12:55:12","date_gmt":"2023-07-22T12:55:12","guid":{"rendered":"http:\/\/www.tunimedia.tn\/fr\/un-poids-lourd-anglais-envisage-mbappe\/"},"modified":"2023-07-22T12:55:12","modified_gmt":"2023-07-22T12:55:12","slug":"un-poids-lourd-anglais-envisage-mbappe","status":"publish","type":"post","link":"https:\/\/tunimedia.tn\/fr\/un-poids-lourd-anglais-envisage-mbappe\/","title":{"rendered":"Un poids lourd anglais envisage Mbapp\u00e9"},"content":{"rendered":"<p> [ad_1]\n<\/p>\n<p>\nKylian Mbapp\u00e9 pourrait choisir de poursuivre sa carri\u00e8re en Premier League. Un club de Londres envisagerait s\u00e9rieusement l&rsquo;hypoth\u00e8se. <\/p>\n<div>\n<p>Qui veut de Kylian Mbapp\u00e9 ? Visiblement pas le Paris Saint-Germain qui l\u2019a \u00e9cart\u00e9 du groupe professionnel parti en stage au Japon. Chelsea, en revanche, taperait peut-\u00eatre \u00e0 la porte des dirigeants du club champion de France.<\/p>\n<blockquote>\n<p><strong>Lire aussi \u2013\u00a0<a class=\"\" title=\"\u00c9cart\u00e9 par le PSG, Kylian Mbapp\u00e9 a d\u00e9j\u00e0 tout pr\u00e9vu !\" href=\"https:\/\/www.football365.fr\/ecarte-psg-kylian-mbappe-a-deja-prevu-10126916.html\">\u00c9cart\u00e9 par le PSG, Kylian Mbapp\u00e9 a d\u00e9j\u00e0 tout pr\u00e9vu<\/a><\/strong><\/p>\n<\/blockquote>\n<p>Chelsea envisagerait la question, indique samedi <em>RMC Sport. <\/em>Devenu la propri\u00e9t\u00e9 d\u2019un fonds am\u00e9ricain, men\u00e9 par Todd Boehly, l\u2019un des clubs londoniens de la Premier League a d\u00e9j\u00e0 montr\u00e9 sa puissance financi\u00e8re, notamment lors des p\u00e9riodes de mercato 2022-2023.<\/p>\n<h2>Mbapp\u00e9 aura toujours le choix<\/h2>\n<p>M\u00eame si c\u2019\u00e9tait le cas, le staff de Chelsea devrait s\u2019entendre avec le PSG puis Kylian Mbapp\u00e9. Pour qu\u2019un transfert se r\u00e9alise, les trois parties doivent tomber d\u2019accord. On lit aussi dans la presse depuis deux ans maintenant que Mbapp\u00e9 ne souhaite que le Real Madrid.<\/p>\n<blockquote>\n<p><strong>Lire aussi \u2013 <a href=\"https:\/\/www.football365.fr\/coup-de-tonnerre-au-psg-mbappe-nira-pas-au-japon-officiel-10126910.html#item=1\">Coup de tonnerre au PSG, Mbapp\u00e9 n\u2019ira pas au Japon<\/a><\/strong><\/p>\n<\/blockquote>\n<p>En attendant, le capitaine de l\u2019\u00e9quipe de France est attendu \u00e0 l\u2019entra\u00eenement du PSG programm\u00e9 samedi apr\u00e8s-midi \u00e0 Poissy, avec d\u2019autres ind\u00e9sirables du club comme Georginio Wijnaldum, Abdou Diallo et Julian Draxler, Un loft assez luxueux quand m\u00eame.<\/p>\n<\/div>\n[ad_2]\n<br \/><a href=\"https:\/\/www.football365.fr\/poids-lourd-anglais-envisage-mbappe-10126930.html?utm_source=rss_feed&#038;utm_medium=link&#038;utm_campaign=unknown\">Source link <\/a><\/p>\n","protected":false},"excerpt":{"rendered":"<p>[ad_1] Kylian Mbapp\u00e9 pourrait choisir de poursuivre sa carri\u00e8re en Premier League. Un club de Londres envisagerait s\u00e9rieusement l&rsquo;hypoth\u00e8se. Qui veut de Kylian Mbapp\u00e9 ? Visiblement pas le Paris Saint-Germain qui l\u2019a \u00e9cart\u00e9 du groupe professionnel parti en stage au Japon. Chelsea, en revanche, taperait peut-\u00eatre \u00e0 la porte des dirigeants du club champion de &hellip;<\/p>\n","protected":false},"author":1,"featured_media":64157,"comment_status":"open","ping_status":"open","sticky":false,"template":"","format":"standard","meta":{"_seopress_robots_primary_cat":"","_seopress_titles_title":"","_seopress_titles_desc":"","_seopress_robots_index":"","_jetpack_memberships_contains_paid_content":false,"footnotes":""},"categories":[350],"tags":[],"class_list":["post-64156","post","type-post","status-publish","format-standard","has-post-thumbnail","hentry","category-sport"],"jetpack_featured_media_url":"https:\/\/tunimedia.tn\/fr\/wp-content\/uploads\/2023\/07\/France-Angleterre.jpg","jetpack_sharing_enabled":true,"amp_enabled":true,"_links":{"self":[{"href":"https:\/\/tunimedia.tn\/fr\/wp-json\/wp\/v2\/posts\/64156","targetHints":{"allow":["GET"]}}],"collection":[{"href":"https:\/\/tunimedia.tn\/fr\/wp-json\/wp\/v2\/posts"}],"about":[{"href":"https:\/\/tunimedia.tn\/fr\/wp-json\/wp\/v2\/types\/post"}],"author":[{"embeddable":true,"href":"https:\/\/tunimedia.tn\/fr\/wp-json\/wp\/v2\/users\/1"}],"replies":[{"embeddable":true,"href":"https:\/\/tunimedia.tn\/fr\/wp-json\/wp\/v2\/comments?post=64156"}],"version-history":[{"count":0,"href":"https:\/\/tunimedia.tn\/fr\/wp-json\/wp\/v2\/posts\/64156\/revisions"}],"wp:featuredmedia":[{"embeddable":true,"href":"https:\/\/tunimedia.tn\/fr\/wp-json\/wp\/v2\/media\/64157"}],"wp:attachment":[{"href":"https:\/\/tunimedia.tn\/fr\/wp-json\/wp\/v2\/media?parent=64156"}],"wp:term":[{"taxonomy":"category","embeddable":true,"href":"https:\/\/tunimedia.tn\/fr\/wp-json\/wp\/v2\/categories?post=64156"},{"taxonomy":"post_tag","embeddable":true,"href":"https:\/\/tunimedia.tn\/fr\/wp-json\/wp\/v2\/tags?post=64156"}],"curies":[{"name":"wp","href":"https:\/\/api.w.org\/{rel}","templated":true}]}}