{"id":64154,"date":"2023-07-22T12:06:25","date_gmt":"2023-07-22T12:06:25","guid":{"rendered":"https:\/\/www.tunimedia.tn\/fr\/andres-iniesta-son-nouveau-point-de-chute-revele\/"},"modified":"2023-07-22T12:06:25","modified_gmt":"2023-07-22T12:06:25","slug":"andres-iniesta-son-nouveau-point-de-chute-revele","status":"publish","type":"post","link":"https:\/\/tunimedia.tn\/fr\/andres-iniesta-son-nouveau-point-de-chute-revele\/","title":{"rendered":"Andres Iniesta, son nouveau point de chute r\u00e9v\u00e9l\u00e9"},"content":{"rendered":"<p> [ad_1]\n<\/p>\n<p>\nApr\u00e8s la fin de son aventure avec Vissel Kob\u00e9, Andres Iniesta est parti pour d\u00e9couvrir un autre championnat. <\/p>\n<div>\n<p>A 39 ans, Andres Iniesta ne pense pas encore \u00e0 la retraite. Tout juste lib\u00e9r\u00e9 de ses engagements au Japon, le chevronn\u00e9 milieu catalan devrait d\u00e9couvrir un autre championnat et aussi un autre continent.<\/p>\n<h2>L\u2019Inter Miami devient un mini Bar\u00e7a<\/h2>\n<p>Selon le journaliste Ekrem Konur, sp\u00e9cialiste du mercato, le h\u00e9ros de la finale victorieuse du Mondial 2010 est en n\u00e9gociations tr\u00e8s avanc\u00e9es avec l\u2019Inter Miami. Sa signature au sein de la franchise de MLS ne serait qu\u2019une question de temps.<\/p>\n<p style=\"padding-left: 40px;\"><strong>Lire aussi \u2013 <a href=\"https:\/\/www.football365.fr\/suarez-messi-de-nouveaux-reunis-10126566.html\">Suarez et Messi de nouveaux r\u00e9unis<\/a><\/strong><\/p>\n<p>La franchise am\u00e9ricaine veut r\u00e9unir un maximum d\u2019anciens Barcelonais dans son effectif. Apr\u00e8s avoir d\u00e9j\u00e0 attir\u00e9 Lionel Messi et Sergio Busquets, David Beckham, son propri\u00e9taire, travaille sur la signature de Jordi Alba. Et si les circonstances sont favorables, il aimerait donc bien r\u00e9cup\u00e9rer Iniesta, ainsi que Luis Suarez.<\/p>\n<p>A noter qu\u2019Iniesta \u00e9tait aussi annonc\u00e9 du c\u00f4t\u00e9 de l\u2019Argentine derni\u00e8rement. Le club d\u2019Argentinos Juniors, dont Gaby Milito est le directeur sportif, avait tent\u00e9 de l\u2019enr\u00f4ler mais sans succ\u00e8s. Les conditions financi\u00e8res n\u2019ont pas d\u00fb trop plaire au v\u00e9t\u00e9ran ib\u00e9rique.<\/p>\n<\/div>\n[ad_2]\n<br \/><a href=\"https:\/\/www.football365.fr\/andres-iniesta-nouveau-point-de-chute-revele-10126901.html?utm_source=rss_feed&#038;utm_medium=link&#038;utm_campaign=unknown\">Source link <\/a><\/p>\n","protected":false},"excerpt":{"rendered":"<p>[ad_1] Apr\u00e8s la fin de son aventure avec Vissel Kob\u00e9, Andres Iniesta est parti pour d\u00e9couvrir un autre championnat. A 39 ans, Andres Iniesta ne pense pas encore \u00e0 la retraite. Tout juste lib\u00e9r\u00e9 de ses engagements au Japon, le chevronn\u00e9 milieu catalan devrait d\u00e9couvrir un autre championnat et aussi un autre continent. L\u2019Inter Miami &hellip;<\/p>\n","protected":false},"author":1,"featured_media":62614,"comment_status":"open","ping_status":"open","sticky":false,"template":"","format":"standard","meta":{"_seopress_robots_primary_cat":"","_seopress_titles_title":"","_seopress_titles_desc":"","_seopress_robots_index":"","_jetpack_memberships_contains_paid_content":false,"footnotes":""},"categories":[350],"tags":[],"class_list":["post-64154","post","type-post","status-publish","format-standard","has-post-thumbnail","hentry","category-sport"],"jetpack_featured_media_url":"https:\/\/tunimedia.tn\/fr\/wp-content\/uploads\/2023\/06\/PANORAMIC_268630_00531.jpg","jetpack_sharing_enabled":true,"amp_enabled":true,"_links":{"self":[{"href":"https:\/\/tunimedia.tn\/fr\/wp-json\/wp\/v2\/posts\/64154","targetHints":{"allow":["GET"]}}],"collection":[{"href":"https:\/\/tunimedia.tn\/fr\/wp-json\/wp\/v2\/posts"}],"about":[{"href":"https:\/\/tunimedia.tn\/fr\/wp-json\/wp\/v2\/types\/post"}],"author":[{"embeddable":true,"href":"https:\/\/tunimedia.tn\/fr\/wp-json\/wp\/v2\/users\/1"}],"replies":[{"embeddable":true,"href":"https:\/\/tunimedia.tn\/fr\/wp-json\/wp\/v2\/comments?post=64154"}],"version-history":[{"count":0,"href":"https:\/\/tunimedia.tn\/fr\/wp-json\/wp\/v2\/posts\/64154\/revisions"}],"wp:featuredmedia":[{"embeddable":true,"href":"https:\/\/tunimedia.tn\/fr\/wp-json\/wp\/v2\/media\/62614"}],"wp:attachment":[{"href":"https:\/\/tunimedia.tn\/fr\/wp-json\/wp\/v2\/media?parent=64154"}],"wp:term":[{"taxonomy":"category","embeddable":true,"href":"https:\/\/tunimedia.tn\/fr\/wp-json\/wp\/v2\/categories?post=64154"},{"taxonomy":"post_tag","embeddable":true,"href":"https:\/\/tunimedia.tn\/fr\/wp-json\/wp\/v2\/tags?post=64154"}],"curies":[{"name":"wp","href":"https:\/\/api.w.org\/{rel}","templated":true}]}}