{"id":63715,"date":"2023-07-15T14:50:41","date_gmt":"2023-07-15T14:50:41","guid":{"rendered":"https:\/\/www.tunimedia.tn\/fr\/depart-dopenda-haise-nest-pas-content\/"},"modified":"2023-07-15T14:50:41","modified_gmt":"2023-07-15T14:50:41","slug":"depart-dopenda-haise-nest-pas-content","status":"publish","type":"post","link":"https:\/\/tunimedia.tn\/fr\/depart-dopenda-haise-nest-pas-content\/","title":{"rendered":"D\u00e9part d&rsquo;Openda, Haise n&rsquo;est pas content"},"content":{"rendered":"<p> [ad_1]\n<\/p>\n<p>\nL&rsquo;entra\u00eeneur du RC Lens n&rsquo;a pas vraiment appr\u00e9ci\u00e9 le d\u00e9part de Lo\u00efs Openda, un an \u00e0 peine apr\u00e8s son arriv\u00e9e. Franck Haise a perdu son meilleur attaquant de la saison derni\u00e8re. <\/p>\n<div>\n<p>Mettons-nous \u00e0 sa place. Serions-nous heureux si notre meilleur attaquant de la saison derni\u00e8re \u00e9tait c\u00e9d\u00e9 pour des raisons financi\u00e8res ? Evidemment non. Franck Haise, s\u2019il comprend les motivations \u00e9conomiques du RC Lens, n\u2019appr\u00e9cie pas d\u2019avoir perdu Lo\u00efs Openda, vendu au RB Leipzig pour pr\u00e8s de 50 millions d\u2019euros, bonus compris.<\/p>\n<p>\u00ab\u00a0<em>Il veut partir, qu\u2019est-ce que vous voulez que je vous dise<\/em> ?\u00a0\u00bb, avait l\u00e2ch\u00e9 l\u2019entra\u00eeneur des Sang et Or devant des m\u00e9dias, vendredi soir apr\u00e8s le deuxi\u00e8me match de pr\u00e9paration de l\u2019\u00e9t\u00e9 face \u00e0 Amiens (2-2), dans des propos rapport\u00e9s par <em>RMC Sport<\/em>.<\/p>\n<blockquote>\n<p><strong>Lire aussi \u2013\u00a0<a class=\"\" title=\"Le nouveau club de De Gea est connu !\" href=\"https:\/\/www.football365.fr\/nouveau-club-de-de-gea-connu-10125559.html\">Le nouveau club de De Gea est connu<\/a><\/strong><\/p>\n<\/blockquote>\n<p>Si le club nordiste s\u2019y retrouve financi\u00e8rement, le jeune attaquant belge, 21 buts inscrits la saison derni\u00e8re, ne perd pas au change non plus.\u00a0 \u00ab\u00a0<em>Il multiplie son salaire par quatre, il veut absolument aller \u00e0 Leipzig, trois jours avant il voulait absolument rester \u00e0 Lens<\/em>\u2026\u00a0\u00bb, r\u00e9v\u00e8le Franck Haise.<\/p>\n<h2>Fofana risque aussi de manquer<\/h2>\n<p>\u00ab\u00a0<em>J\u2019ai vu beaucoup choses en 35 ans dans le football, et j\u2019en verrai encore quelques autres\u00a0\u00bb<\/em>, conclut le coach lensois qui doit \u00e9galement composer sans Seko Fofana, autre maillon fort lensois d\u2019un exercice 2022-2023 achev\u00e9 \u00e0 la deuxi\u00e8me place de Ligue 1.<\/p>\n<p>Le milieu de terrain ivoirien a toutes le chances d\u2019\u00e9voluer en Arabie saoudite la saison prochaine.<\/p>\n<p>\u00a0<\/p>\n<p>\u00a0<\/p>\n<p>\u00a0<\/p>\n<p>\u00a0<\/p>\n<p>\u00a0<\/p>\n<p>\u00a0<\/p>\n<\/div>\n[ad_2]\n<br \/><a href=\"https:\/\/www.football365.fr\/depart-dopenda-haise-nest-content-10125781.html?utm_source=rss_feed&#038;utm_medium=link&#038;utm_campaign=unknown\">Source link <\/a><\/p>\n","protected":false},"excerpt":{"rendered":"<p>[ad_1] L&rsquo;entra\u00eeneur du RC Lens n&rsquo;a pas vraiment appr\u00e9ci\u00e9 le d\u00e9part de Lo\u00efs Openda, un an \u00e0 peine apr\u00e8s son arriv\u00e9e. Franck Haise a perdu son meilleur attaquant de la saison derni\u00e8re. Mettons-nous \u00e0 sa place. Serions-nous heureux si notre meilleur attaquant de la saison derni\u00e8re \u00e9tait c\u00e9d\u00e9 pour des raisons financi\u00e8res ? Evidemment non. &hellip;<\/p>\n","protected":false},"author":1,"featured_media":63716,"comment_status":"open","ping_status":"open","sticky":false,"template":"","format":"standard","meta":{"_seopress_robots_primary_cat":"","_seopress_titles_title":"","_seopress_titles_desc":"","_seopress_robots_index":"","_jetpack_memberships_contains_paid_content":false,"footnotes":""},"categories":[350],"tags":[],"class_list":["post-63715","post","type-post","status-publish","format-standard","has-post-thumbnail","hentry","category-sport"],"jetpack_featured_media_url":"https:\/\/tunimedia.tn\/fr\/wp-content\/uploads\/2023\/07\/Franck-Haise.jpg","jetpack_sharing_enabled":true,"amp_enabled":true,"_links":{"self":[{"href":"https:\/\/tunimedia.tn\/fr\/wp-json\/wp\/v2\/posts\/63715","targetHints":{"allow":["GET"]}}],"collection":[{"href":"https:\/\/tunimedia.tn\/fr\/wp-json\/wp\/v2\/posts"}],"about":[{"href":"https:\/\/tunimedia.tn\/fr\/wp-json\/wp\/v2\/types\/post"}],"author":[{"embeddable":true,"href":"https:\/\/tunimedia.tn\/fr\/wp-json\/wp\/v2\/users\/1"}],"replies":[{"embeddable":true,"href":"https:\/\/tunimedia.tn\/fr\/wp-json\/wp\/v2\/comments?post=63715"}],"version-history":[{"count":0,"href":"https:\/\/tunimedia.tn\/fr\/wp-json\/wp\/v2\/posts\/63715\/revisions"}],"wp:featuredmedia":[{"embeddable":true,"href":"https:\/\/tunimedia.tn\/fr\/wp-json\/wp\/v2\/media\/63716"}],"wp:attachment":[{"href":"https:\/\/tunimedia.tn\/fr\/wp-json\/wp\/v2\/media?parent=63715"}],"wp:term":[{"taxonomy":"category","embeddable":true,"href":"https:\/\/tunimedia.tn\/fr\/wp-json\/wp\/v2\/categories?post=63715"},{"taxonomy":"post_tag","embeddable":true,"href":"https:\/\/tunimedia.tn\/fr\/wp-json\/wp\/v2\/tags?post=63715"}],"curies":[{"name":"wp","href":"https:\/\/api.w.org\/{rel}","templated":true}]}}