{"id":62183,"date":"2023-06-22T13:05:06","date_gmt":"2023-06-22T13:05:06","guid":{"rendered":"https:\/\/www.tunimedia.tn\/fr\/le-real-madrid-prolonge-un-veteran\/"},"modified":"2023-06-22T13:05:06","modified_gmt":"2023-06-22T13:05:06","slug":"le-real-madrid-prolonge-un-veteran","status":"publish","type":"post","link":"https:\/\/tunimedia.tn\/fr\/le-real-madrid-prolonge-un-veteran\/","title":{"rendered":"Le Real Madrid prolonge un v\u00e9t\u00e9ran"},"content":{"rendered":"<p> [ad_1]\n<\/p>\n<p>\nLe Real Madrid a confirm\u00e9 le renouvellement du contrat du d\u00e9fenseur v\u00e9t\u00e9ran Nacho Fernandez pour une ann\u00e9e suppl\u00e9mentaire <\/p>\n<div>\n<p>C\u2019est fait ! Nacho prolonge d\u2019un an, ce qui porte son s\u00e9jour \u00e0 13 ans depuis ses premi\u00e8res apparitions dans l\u2019\u00e9quipe A du Real Madrid. Au total, cela fait 22 ans qu\u2019il a rejoint le club en tant qu\u2019enfant, \u00e0 l\u2019\u00e2ge de 11 ans.<\/p>\n<p><strong>Lire aussi \u2013 <a href=\"https:\/\/www.football365.fr\/psg-neymar-le-coup-de-theatre-10121623.html\">Neymar, le coup de th\u00e9\u00e2tre<\/a><\/strong><\/p>\n<p>Au total, cela fait 22 ans qu\u2019il a rejoint le club en tant qu\u2019enfant, \u00e0 l\u2019\u00e2ge de 11 ans, et en tant que joueur le plus ancien de l\u2019\u00e9quipe, il en sera le capitaine \u00e0 l\u2019\u00e2ge de 33 ans.<\/p>\n<p>Au cours de cette p\u00e9riode, il a remport\u00e9 cinq Ligues des champions, trois Ligas et deux Coupes du Roi, ainsi que 24 s\u00e9lections en \u00e9quipe d\u2019Espagne.<\/p>\n<p>Nacho avait parl\u00e9 ouvertement du renouvellement de son contrat avant qu\u2019il ne soit officiellement annonc\u00e9, r\u00e9v\u00e9lant qu\u2019il avait re\u00e7u des offres de l\u2019\u00e9tranger qui le tentaient.<\/p>\n<p>Cependant, en tant que supporter du Real Madrid avant tout, il a admis que l\u2019attrait du capitanat et l\u2019id\u00e9e d\u2019\u00eatre l\u2019homme d\u2019un seul club l\u2019ont aid\u00e9 \u00e0 s\u2019engager pour une ann\u00e9e suppl\u00e9mentaire au Santiago Bernab\u00e9u.<\/p>\n<p>Sous la houlette de Carlo Ancelotti la saison derni\u00e8re, il a \u00e9t\u00e9 utilis\u00e9 avec parcimonie en d\u00e9but de saison, avant de redevenir une valeur s\u00fbre en deuxi\u00e8me partie de saison. Apr\u00e8s l\u2019arriv\u00e9e de Fran Garcia, Nacho sera de nouveau en concurrence avec d\u2019autres joueurs la saison prochaine.<\/p>\n<\/div>\n[ad_2]\n<br \/><a href=\"https:\/\/www.football365.fr\/real-madrid-prolonge-veteran-10121948.html?utm_source=rss_feed&#038;utm_medium=link&#038;utm_campaign=unknown\">Source link <\/a><\/p>\n","protected":false},"excerpt":{"rendered":"<p>[ad_1] Le Real Madrid a confirm\u00e9 le renouvellement du contrat du d\u00e9fenseur v\u00e9t\u00e9ran Nacho Fernandez pour une ann\u00e9e suppl\u00e9mentaire C\u2019est fait ! Nacho prolonge d\u2019un an, ce qui porte son s\u00e9jour \u00e0 13 ans depuis ses premi\u00e8res apparitions dans l\u2019\u00e9quipe A du Real Madrid. Au total, cela fait 22 ans qu\u2019il a rejoint le club &hellip;<\/p>\n","protected":false},"author":1,"featured_media":61833,"comment_status":"open","ping_status":"open","sticky":false,"template":"","format":"standard","meta":{"_seopress_robots_primary_cat":"","_seopress_titles_title":"","_seopress_titles_desc":"","_seopress_robots_index":"","_jetpack_memberships_contains_paid_content":false,"footnotes":""},"categories":[350],"tags":[],"class_list":["post-62183","post","type-post","status-publish","format-standard","has-post-thumbnail","hentry","category-sport"],"jetpack_featured_media_url":"https:\/\/tunimedia.tn\/fr\/wp-content\/uploads\/2023\/06\/PANORAMIC_267451_00391.jpg","jetpack_sharing_enabled":true,"amp_enabled":true,"_links":{"self":[{"href":"https:\/\/tunimedia.tn\/fr\/wp-json\/wp\/v2\/posts\/62183","targetHints":{"allow":["GET"]}}],"collection":[{"href":"https:\/\/tunimedia.tn\/fr\/wp-json\/wp\/v2\/posts"}],"about":[{"href":"https:\/\/tunimedia.tn\/fr\/wp-json\/wp\/v2\/types\/post"}],"author":[{"embeddable":true,"href":"https:\/\/tunimedia.tn\/fr\/wp-json\/wp\/v2\/users\/1"}],"replies":[{"embeddable":true,"href":"https:\/\/tunimedia.tn\/fr\/wp-json\/wp\/v2\/comments?post=62183"}],"version-history":[{"count":0,"href":"https:\/\/tunimedia.tn\/fr\/wp-json\/wp\/v2\/posts\/62183\/revisions"}],"wp:featuredmedia":[{"embeddable":true,"href":"https:\/\/tunimedia.tn\/fr\/wp-json\/wp\/v2\/media\/61833"}],"wp:attachment":[{"href":"https:\/\/tunimedia.tn\/fr\/wp-json\/wp\/v2\/media?parent=62183"}],"wp:term":[{"taxonomy":"category","embeddable":true,"href":"https:\/\/tunimedia.tn\/fr\/wp-json\/wp\/v2\/categories?post=62183"},{"taxonomy":"post_tag","embeddable":true,"href":"https:\/\/tunimedia.tn\/fr\/wp-json\/wp\/v2\/tags?post=62183"}],"curies":[{"name":"wp","href":"https:\/\/api.w.org\/{rel}","templated":true}]}}