{"id":62178,"date":"2023-06-22T12:17:07","date_gmt":"2023-06-22T12:17:07","guid":{"rendered":"http:\/\/www.tunimedia.tn\/fr\/comment-lukaku-pourrait-atterrir-chez-le-rival-historique\/"},"modified":"2023-06-22T12:17:07","modified_gmt":"2023-06-22T12:17:07","slug":"comment-lukaku-pourrait-atterrir-chez-le-rival-historique","status":"publish","type":"post","link":"https:\/\/tunimedia.tn\/fr\/comment-lukaku-pourrait-atterrir-chez-le-rival-historique\/","title":{"rendered":"Comment Lukaku pourrait atterrir chez le rival historique"},"content":{"rendered":"<p> [ad_1]\n<\/p>\n<div id=\"post-10121935\">\n<div class=\"post-info\">\n<ol class=\"breadcrumb\">\n<li class=\"parent\"><a href=\"https:\/\/www.football365.fr\/mercato\">mercato<\/a><\/li>\n<\/ol>\n<p><a class=\"post-author align-middle\" href=\"https:\/\/www.football365.fr\/auteur\/jallicio\">Jacques Allicio<\/a> <span class=\"post-date align-middle\">22\/06\/2023 13h20<\/span>\n<\/div>\n<div class=\"post-thumbnail\">\n<img loading=\"lazy\" decoding=\"async\" width=\"670\" height=\"370\" src=\"https:\/\/cdn.football365.fr\/wp-content\/uploads\/se\/2023\/01\/PANORAMIC_252747_00901-670x370.jpg\" class=\"lazy-load img-responsive m-rf-auto wp-post-image\" alt=\"\" srcset=\"https:\/\/cdn.football365.fr\/wp-content\/uploads\/se\/2023\/01\/PANORAMIC_252747_00901-670x370.jpg 670w, https:\/\/cdn.football365.fr\/wp-content\/uploads\/se\/2023\/01\/PANORAMIC_252747_00901-325x180.jpg 325w\" data-sizes=\"(max-width: 670px) 100vw, 670px\"\/><noscript><img loading=\"lazy\" decoding=\"async\" width=\"670\" height=\"370\" src=\"https:\/\/cdn.football365.fr\/wp-content\/uploads\/se\/2023\/01\/PANORAMIC_252747_00901-670x370.jpg\" class=\"img-responsive m-rf-auto wp-post-image\" alt=\"\" srcset=\"https:\/\/cdn.football365.fr\/wp-content\/uploads\/se\/2023\/01\/PANORAMIC_252747_00901-670x370.jpg 670w, https:\/\/cdn.football365.fr\/wp-content\/uploads\/se\/2023\/01\/PANORAMIC_252747_00901-325x180.jpg 325w\" sizes=\"auto, (max-width: 670px) 100vw, 670px\"\/><\/noscript><\/p>\n<p>Cr\u00e9dit photo : Panoramic<\/p>\n<\/p><\/div>\n<div class=\"post-body \">\n<p>\nD&rsquo;apr\u00e8s la presse italienne, l&rsquo;AC Milan envisagerait de passer \u00e0 l&rsquo;offensive sur le dossier de Romelu Lukaku, pr\u00eat\u00e9 par Chelsea \u00e0 l&rsquo;Inter Milan. <\/p>\n<div class=\"post-content\">\n<p>Apr\u00e8s une saison en pr\u00eat \u00e0 l\u2019Inter Milan, Romelu <span data-idj=\"1984\">Lukaku devrait, sauf rebondissement, faire son retour \u00e0 Chelsea cet \u00e9t\u00e9. L\u2019international belge ne devrait toutefois pas s\u2019\u00e9terniser chez les Blues si l\u2019on en croit les informations r\u00e9v\u00e9l\u00e9es par La Gazzetta dello Sport.<\/span><\/p>\n<blockquote>\n<p><strong>Lire aussi \u2013 <a href=\"https:\/\/www.football365.fr\/quand-messi-a-tente-denvoyer-mbappe-au-barca-10121902.html\">Quand Messi a tent\u00e9 d\u2019envoyer Mbapp\u00e9 au Bar\u00e7a<\/a><\/strong><\/p>\n<\/blockquote>\n<p><span data-idj=\"1984\">Selon le quotidien transalpin, l\u2019avant-centre de 30 serait sur les tablettes de l\u2019AC Milan, riv<\/span><span data-idj=\"1984\">al du club int\u00e9riste, qui serait pr\u00eat \u00e0 d\u00e9gainer 40 millions d\u2019euros pour s\u2019attacher les services du Diable Rouge. Une op\u00e9ration rendue possible gr\u00e2ce au futur transfert de Sandro Tonali \u00e0 Newcastle qui pourrait rapporter entre 70 et 80 millions d\u2019euros aux Rossoneri.<\/span><\/p>\n<p><span data-idj=\"1984\"> L\u2019arriv\u00e9e de Lukaku \u00e0 l\u2019AC Milan permettrait ainsi de pallier num\u00e9riquement au d\u00e9part de Zlatan Ibrahimovic, et d\u2019offrir un concurrent de taille \u00e0 Olivier Giroud sur le front de l\u2019attaque lombarde. Reste \u00e0 voir si le natif d\u2019Antwerpen acceptera de tenter l\u2019exp\u00e9rience chez le voisin.<\/span><\/p>\n<\/div>\n<\/div>\n<\/div>\n[ad_2]\n<br \/><a href=\"https:\/\/www.football365.fr\/inter-milan-comment-lukaku-pourrait-atterrir-chez-le-rival-historique-10121935.html?utm_source=rss_feed&#038;utm_medium=link&#038;utm_campaign=unknown\">Source link <\/a><\/p>\n","protected":false},"excerpt":{"rendered":"<p>[ad_1] mercato Jacques Allicio 22\/06\/2023 13h20 Cr\u00e9dit photo : Panoramic D&rsquo;apr\u00e8s la presse italienne, l&rsquo;AC Milan envisagerait de passer \u00e0 l&rsquo;offensive sur le dossier de Romelu Lukaku, pr\u00eat\u00e9 par Chelsea \u00e0 l&rsquo;Inter Milan. Apr\u00e8s une saison en pr\u00eat \u00e0 l\u2019Inter Milan, Romelu Lukaku devrait, sauf rebondissement, faire son retour \u00e0 Chelsea cet \u00e9t\u00e9. L\u2019international belge &hellip;<\/p>\n","protected":false},"author":1,"featured_media":52174,"comment_status":"open","ping_status":"open","sticky":false,"template":"","format":"standard","meta":{"_seopress_robots_primary_cat":"","_seopress_titles_title":"","_seopress_titles_desc":"","_seopress_robots_index":"","_jetpack_memberships_contains_paid_content":false,"footnotes":""},"categories":[350],"tags":[],"class_list":["post-62178","post","type-post","status-publish","format-standard","has-post-thumbnail","hentry","category-sport"],"jetpack_featured_media_url":"https:\/\/tunimedia.tn\/fr\/wp-content\/uploads\/2023\/01\/PANORAMIC_252747_00901.jpg","jetpack_sharing_enabled":true,"amp_enabled":true,"_links":{"self":[{"href":"https:\/\/tunimedia.tn\/fr\/wp-json\/wp\/v2\/posts\/62178","targetHints":{"allow":["GET"]}}],"collection":[{"href":"https:\/\/tunimedia.tn\/fr\/wp-json\/wp\/v2\/posts"}],"about":[{"href":"https:\/\/tunimedia.tn\/fr\/wp-json\/wp\/v2\/types\/post"}],"author":[{"embeddable":true,"href":"https:\/\/tunimedia.tn\/fr\/wp-json\/wp\/v2\/users\/1"}],"replies":[{"embeddable":true,"href":"https:\/\/tunimedia.tn\/fr\/wp-json\/wp\/v2\/comments?post=62178"}],"version-history":[{"count":0,"href":"https:\/\/tunimedia.tn\/fr\/wp-json\/wp\/v2\/posts\/62178\/revisions"}],"wp:featuredmedia":[{"embeddable":true,"href":"https:\/\/tunimedia.tn\/fr\/wp-json\/wp\/v2\/media\/52174"}],"wp:attachment":[{"href":"https:\/\/tunimedia.tn\/fr\/wp-json\/wp\/v2\/media?parent=62178"}],"wp:term":[{"taxonomy":"category","embeddable":true,"href":"https:\/\/tunimedia.tn\/fr\/wp-json\/wp\/v2\/categories?post=62178"},{"taxonomy":"post_tag","embeddable":true,"href":"https:\/\/tunimedia.tn\/fr\/wp-json\/wp\/v2\/tags?post=62178"}],"curies":[{"name":"wp","href":"https:\/\/api.w.org\/{rel}","templated":true}]}}