{"id":61369,"date":"2023-06-10T16:20:14","date_gmt":"2023-06-10T16:20:14","guid":{"rendered":"https:\/\/www.tunimedia.tn\/fr\/herrera-balance-sur-les-dessous-croustillants-des-fiestas-de-neymar\/"},"modified":"2023-06-10T16:20:14","modified_gmt":"2023-06-10T16:20:14","slug":"herrera-balance-sur-les-dessous-croustillants-des-fiestas-de-neymar","status":"publish","type":"post","link":"https:\/\/tunimedia.tn\/fr\/herrera-balance-sur-les-dessous-croustillants-des-fiestas-de-neymar\/","title":{"rendered":"Herrera balance sur les dessous croustillants des fiestas de Neymar"},"content":{"rendered":"<p> [ad_1]\n<\/p>\n<p>\nLes langues se d\u00e9lient au PSG concernant les fameuse f\u00eates de la star br\u00e9silienne&#8230; <\/p>\n<div>\n<p>Dans un entretien accord\u00e9 vendredi au m\u00e9dia argentin <em>TyC Sports,<\/em> le milieu de terrain espagnol Ander Herrera est revenu sur les soir\u00e9es d\u2019anniversaire pharaoniques de Neymar. Des fiestas m\u00e9morables que le joueur de l\u2019Athletic Bilbao a d\u00e9cortiqu\u00e9es avec force d\u00e9tails.<\/p>\n<p><strong>Lire aussi \u2013 <a href=\"https:\/\/www.football365.fr\/zidane-prend-parole-avoue-nai-rien-prevu-10119415.html\">Zidane prend la parole et avoue : \u00ab\u00a0Je n\u2019ai rien pr\u00e9vu\u00a0\u00bb<\/a><\/strong><\/p>\n<p>Et le joueur ib\u00e9rique n\u2019h\u00e9site pas \u00e0 affirmer que la f\u00eate d\u2019anniversaire du Br\u00e9silien est la soir\u00e9e la plus folle qu\u2019il ait jamais v\u00e9cu. \u00ab\u00a0<em>Des amis \u00e9taient venus du Br\u00e9sil.<\/em> <em>C\u2019\u00e9tait le bordel, la confusion\u2026\u00a0\u00bb<\/em><\/p>\n<p><em>\u00ab\u00a0J\u2019ai dit \u00e0 Neymar : \u00ab\u00a0Mais on est avec nos femmes, o\u00f9 vas-tu nous installer ?\u00a0\u00bb Il m\u2019a dit de ne pas m\u2019inqui\u00e9ter, qu\u2019il y a un coin VIP \u00e0 l\u2019\u00e9tage pour nous. Nous \u00e9tions bien avec nos \u00e9pouses qui s\u2019amusaient mais en bas c\u2019\u00e9tait\u2026\u00a0\u00bb,<\/em> se rem\u00e9more Herrera, qui se souvient que le rez-de-chauss\u00e9e \u00e9tait l\u2019\u00e9tage des c\u00e9libataires, le premier \u00e9tant r\u00e9serv\u00e9 aux couples.<\/p>\n<h2>\u00ab\u00a0C\u2019\u00e9tait le bordel\u00a0\u00bb<\/h2>\n<p><em>\u00ab\u00a0Trois ou quatre\u00a0\u00bb<\/em> joueurs du PSG c\u00e9libataires \u00e9taient \u00e9galement venus \u00e0 l\u2019anniversaire de Neymar. \u00ab\u00a0<em>On les voyaient descendre, puis remonter, ils gesticulaient, ils disaient \u00ab\u00a0incroyable ! Incroyable !\u00a0\u00bb Dans leurs regards, c\u2019\u00e9tait comme s\u2019ils venaient de voir J\u00e9sus Christ\u00a0\u00bb.<\/em><\/p>\n<p><em>\u00ab\u00a0A notre \u00e9tage, il y avait trop de monde. Avec L\u00e9o, on allait descendre pour aller dans les toilettes d\u2019en bas.\u00a0\u00bb Et l\u2019Espagnol de conclure en rigolant : \u00ab\u00a0Mais nos femmes nous ont dit non.<\/em>\u00ab\u00a0, sourit encore l\u2019Espagnol.<\/p>\n<p>\u00ab\u00a0<em>J\u2019ai mes d\u00e9fauts, je ne suis pas parfait, j\u2019aime sortir, m\u2019amuser avec mes amis\u00a0\u00bb,<\/em> a souvent r\u00e9p\u00e9t\u00e9 Neymar depuis son arriv\u00e9e \u00e0 Paris. On le croit sur parole.<\/p>\n<\/div>\n[ad_2]\n<br \/><a href=\"https:\/\/www.football365.fr\/herrera-balance-dessous-croustillants-fiestas-de-neymar-10119906.html?utm_source=rss_feed&#038;utm_medium=link&#038;utm_campaign=unknown\">Source link <\/a><\/p>\n","protected":false},"excerpt":{"rendered":"<p>[ad_1] Les langues se d\u00e9lient au PSG concernant les fameuse f\u00eates de la star br\u00e9silienne&#8230; Dans un entretien accord\u00e9 vendredi au m\u00e9dia argentin TyC Sports, le milieu de terrain espagnol Ander Herrera est revenu sur les soir\u00e9es d\u2019anniversaire pharaoniques de Neymar. Des fiestas m\u00e9morables que le joueur de l\u2019Athletic Bilbao a d\u00e9cortiqu\u00e9es avec force d\u00e9tails. &hellip;<\/p>\n","protected":false},"author":1,"featured_media":60476,"comment_status":"open","ping_status":"open","sticky":false,"template":"","format":"standard","meta":{"_seopress_robots_primary_cat":"","_seopress_titles_title":"","_seopress_titles_desc":"","_seopress_robots_index":"","_jetpack_memberships_contains_paid_content":false,"footnotes":""},"categories":[350],"tags":[],"class_list":["post-61369","post","type-post","status-publish","format-standard","has-post-thumbnail","hentry","category-sport"],"jetpack_featured_media_url":"https:\/\/tunimedia.tn\/fr\/wp-content\/uploads\/2023\/05\/PANORAMIC_257047_0020-1.jpg","jetpack_sharing_enabled":true,"amp_enabled":true,"_links":{"self":[{"href":"https:\/\/tunimedia.tn\/fr\/wp-json\/wp\/v2\/posts\/61369","targetHints":{"allow":["GET"]}}],"collection":[{"href":"https:\/\/tunimedia.tn\/fr\/wp-json\/wp\/v2\/posts"}],"about":[{"href":"https:\/\/tunimedia.tn\/fr\/wp-json\/wp\/v2\/types\/post"}],"author":[{"embeddable":true,"href":"https:\/\/tunimedia.tn\/fr\/wp-json\/wp\/v2\/users\/1"}],"replies":[{"embeddable":true,"href":"https:\/\/tunimedia.tn\/fr\/wp-json\/wp\/v2\/comments?post=61369"}],"version-history":[{"count":0,"href":"https:\/\/tunimedia.tn\/fr\/wp-json\/wp\/v2\/posts\/61369\/revisions"}],"wp:featuredmedia":[{"embeddable":true,"href":"https:\/\/tunimedia.tn\/fr\/wp-json\/wp\/v2\/media\/60476"}],"wp:attachment":[{"href":"https:\/\/tunimedia.tn\/fr\/wp-json\/wp\/v2\/media?parent=61369"}],"wp:term":[{"taxonomy":"category","embeddable":true,"href":"https:\/\/tunimedia.tn\/fr\/wp-json\/wp\/v2\/categories?post=61369"},{"taxonomy":"post_tag","embeddable":true,"href":"https:\/\/tunimedia.tn\/fr\/wp-json\/wp\/v2\/tags?post=61369"}],"curies":[{"name":"wp","href":"https:\/\/api.w.org\/{rel}","templated":true}]}}