{"id":60705,"date":"2023-06-01T12:29:16","date_gmt":"2023-06-01T12:29:16","guid":{"rendered":"https:\/\/www.tunimedia.tn\/fr\/tudor-a-lom-cest-termine-officiel\/"},"modified":"2023-06-01T12:29:16","modified_gmt":"2023-06-01T12:29:16","slug":"tudor-a-lom-cest-termine-officiel","status":"publish","type":"post","link":"https:\/\/tunimedia.tn\/fr\/tudor-a-lom-cest-termine-officiel\/","title":{"rendered":"Tudor \u00e0 L&rsquo;OM, c&rsquo;est termin\u00e9 (OFFICIEL)"},"content":{"rendered":"<p> [ad_1]\n<\/p>\n<p>\nFin de l&rsquo;aventure pour Igor Tudor \u00e0 l&rsquo;OM. Le pr\u00e9sident Longoria l&rsquo;a confirm\u00e9 ce jeudi. <\/p>\n<div>\n<p><a href=\"https:\/\/www.football365.fr\/tudor-lom-cest-vraiment-termine-10118277.html\">Le d\u00e9part d\u2019Igor Tudor de l\u2019OM \u00e9tait confirm\u00e9 depuis plusieurs heures ce jeudi<\/a>, il est d\u00e9sormais officiel. C\u2019est le grand sachem olympien Pablo Longoria qui l\u2019a annonc\u00e9 face aux m\u00e9dias.<\/p>\n<p>\u00a0<\/p>\n<blockquote class=\"twitter-tweet\">\n<p dir=\"ltr\" lang=\"fr\">Pablo Longoria : \u00ab\u00a0On a accept\u00e9 et respect\u00e9 le souhait de notre coach de ne pas continuer l\u2019aventure avec nous la saison prochaine. Je veux remercier Igor pour le bon travail qu\u2019il a fait avec beaucoup de respect des deux c\u00f4t\u00e9s, beaucoup de discussions. On a analys\u00e9 la saison et\u2026<\/p>\n<p>\u2014    (@LaMinuteOM_) <a href=\"https:\/\/twitter.com\/LaMinuteOM_\/status\/1664242029319053315?ref_src=twsrc%5Etfw\">June 1, 2023<\/a><\/p>\n<\/blockquote>\n<p>\u00ab\u00a0<em>On a accept\u00e9 et respect\u00e9 le souhait de notre coach de ne pas continuer l\u2019aventure avec nous la saison prochaine. Je veux remercier Igor pour le bon travail qu\u2019il a fait avec beaucoup de respect des deux c\u00f4t\u00e9s, beaucoup de discussions. On a analys\u00e9 la saison et la suite, il a pris sa d\u00e9cision, on la respecte. On est tr\u00e8s content du travail qu\u2019il a accompli\u00a0\u00bb<\/em>, a ainsi estim\u00e9 le pr\u00e9sident de l\u2019OM.<\/p>\n<p>\u00ab\u00a0<em>Je tiens \u00e0 remercier le pr\u00e9sident pour ses mots. Ca a \u00e9t\u00e9 un honneur pour moi de travailler cette saison au sein du club, de faire partie de cette famille, de rencontrer ses supporters et cette ville avec une \u00e9nergie si particuli\u00e8re. J\u2019ai pris la d\u00e9cision, de partir pour des raisons priv\u00e9es et professionnelles. Je n\u2019ai pas d\u2019accord avec un autre club. J\u2019ai beaucoup appris. J\u2019ai laiss\u00e9 le club dans un meilleur \u00e9tat qu\u2019\u00e0 mon arriv\u00e9e.<\/em>\u00ab\u00a0, a r\u00e9agi pour sa part Igor Tudor.<\/p>\n<p>\u00ab\u00a0<em>Il y a beaucoup de choses qui se sont pass\u00e9es, \u00e7a arrive aussi dans d\u2019autres clubs. Travailler un an \u00e0 l\u2019OM est comme travailler deux ou trois ans dans un autre club. J\u2019ai l\u2019esprit tranquille, \u00e7a fait un moment que j\u2019y pensais. Les d\u00e9tails n\u2019ont pas d\u2019importance, c\u2019est ce que je sens en moi qui compte<\/em>.\u00a0\u00bb, a ajout\u00e9 le coach croate.<\/p>\n<\/div>\n<p><script async src=\"\/\/platform.twitter.com\/widgets.js\" charset=\"utf-8\"><\/script><br \/>\n<br \/>[ad_2]\n<br \/><a href=\"https:\/\/www.football365.fr\/tudor-a-lom-cest-termine-officiel-10118307.html?utm_source=rss_feed&#038;utm_medium=link&#038;utm_campaign=unknown\">Source link <\/a><\/p>\n","protected":false},"excerpt":{"rendered":"<p>[ad_1] Fin de l&rsquo;aventure pour Igor Tudor \u00e0 l&rsquo;OM. Le pr\u00e9sident Longoria l&rsquo;a confirm\u00e9 ce jeudi. Le d\u00e9part d\u2019Igor Tudor de l\u2019OM \u00e9tait confirm\u00e9 depuis plusieurs heures ce jeudi, il est d\u00e9sormais officiel. C\u2019est le grand sachem olympien Pablo Longoria qui l\u2019a annonc\u00e9 face aux m\u00e9dias. \u00a0 Pablo Longoria : \u00ab\u00a0On a accept\u00e9 et respect\u00e9 &hellip;<\/p>\n","protected":false},"author":1,"featured_media":60308,"comment_status":"open","ping_status":"open","sticky":false,"template":"","format":"standard","meta":{"_seopress_robots_primary_cat":"","_seopress_titles_title":"","_seopress_titles_desc":"","_seopress_robots_index":"","_jetpack_memberships_contains_paid_content":false,"footnotes":""},"categories":[350],"tags":[],"class_list":["post-60705","post","type-post","status-publish","format-standard","has-post-thumbnail","hentry","category-sport"],"jetpack_featured_media_url":"https:\/\/tunimedia.tn\/fr\/wp-content\/uploads\/2023\/05\/PANORAMIC_266413_01021.jpg","jetpack_sharing_enabled":true,"amp_enabled":true,"_links":{"self":[{"href":"https:\/\/tunimedia.tn\/fr\/wp-json\/wp\/v2\/posts\/60705","targetHints":{"allow":["GET"]}}],"collection":[{"href":"https:\/\/tunimedia.tn\/fr\/wp-json\/wp\/v2\/posts"}],"about":[{"href":"https:\/\/tunimedia.tn\/fr\/wp-json\/wp\/v2\/types\/post"}],"author":[{"embeddable":true,"href":"https:\/\/tunimedia.tn\/fr\/wp-json\/wp\/v2\/users\/1"}],"replies":[{"embeddable":true,"href":"https:\/\/tunimedia.tn\/fr\/wp-json\/wp\/v2\/comments?post=60705"}],"version-history":[{"count":0,"href":"https:\/\/tunimedia.tn\/fr\/wp-json\/wp\/v2\/posts\/60705\/revisions"}],"wp:featuredmedia":[{"embeddable":true,"href":"https:\/\/tunimedia.tn\/fr\/wp-json\/wp\/v2\/media\/60308"}],"wp:attachment":[{"href":"https:\/\/tunimedia.tn\/fr\/wp-json\/wp\/v2\/media?parent=60705"}],"wp:term":[{"taxonomy":"category","embeddable":true,"href":"https:\/\/tunimedia.tn\/fr\/wp-json\/wp\/v2\/categories?post=60705"},{"taxonomy":"post_tag","embeddable":true,"href":"https:\/\/tunimedia.tn\/fr\/wp-json\/wp\/v2\/tags?post=60705"}],"curies":[{"name":"wp","href":"https:\/\/api.w.org\/{rel}","templated":true}]}}