{"id":59858,"date":"2023-05-19T09:53:49","date_gmt":"2023-05-19T09:53:49","guid":{"rendered":"http:\/\/www.tunimedia.tn\/fr\/domenech-se-moque-de-bielsa\/"},"modified":"2023-05-19T09:53:49","modified_gmt":"2023-05-19T09:53:49","slug":"domenech-se-moque-de-bielsa","status":"publish","type":"post","link":"https:\/\/tunimedia.tn\/fr\/domenech-se-moque-de-bielsa\/","title":{"rendered":"Domenech se moque de Bielsa !"},"content":{"rendered":"<p> [ad_1]\n<\/p>\n<p>\nL\u2019ancien s\u00e9lectionneur fran\u00e7ais a os\u00e9 critiquer Marcelo Bielsa pour les derniers propos qu\u2019il a tenus au sujet de l\u2019\u00e9volution du football. <\/p>\n<div>\n<p>Raymond Domenech a encore rat\u00e9 l\u2019occasion de se taire. L\u2019ancien s\u00e9lectionneur de l\u2019\u00e9quipe de France s\u2019est permis de contredire l\u2019illustre Marcelo Bielsa par rapport au jugement que ce dernier a tenu concernant la mani\u00e8re de consommer le football.<\/p>\n<h2>Domenech pas d\u2019accord avec \u00ab\u00a0El Loco\u00a0\u00bb<\/h2>\n<p>Lors de sa pr\u00e9sentation en tant que nouveau s\u00e9lectionneur de l\u2019Uruguay, \u00ab\u00a0El Loco\u00a0\u00bb a d\u00e9clar\u00e9 que les r\u00e9sum\u00e9s de 3 minutes nuisent au football, et qu\u2019ils sont uniquement destin\u00e9s aux spectateurs et non aux fans. Il a aussi pr\u00e9cis\u00e9 qu\u2019on gagnerait \u00e0 donner plus d\u2019importance \u00e0 ce jeu.<\/p>\n<p style=\"padding-left: 40px;\"><strong>Lire aussi \u2013 <a href=\"https:\/\/www.football365.fr\/responsable-sifflets-messi-fracasse-ancien-selectionneur-francais-10115139.html\">Messi fracass\u00e9 par Raymond Domenech<\/a><\/strong><\/p>\n<p>Un avis respectable, mais qui n\u2019a pas convaincu l\u2019ami Raymond. Jeudi soir, lors de l\u2019\u00e9mission L\u2019Equipe de Greg de la Chaine L\u2019Equipe, il a d\u00e9clar\u00e9\u00a0: \u00ab<em>\u00a0L\u00e0 on parle du grand public, pas des professionnels. Les r\u00e9sum\u00e9s \u00e7a donnent envie de voir des matches et d\u2019aller au stade. Et pour ce qui est des pros qui croient qu\u2019un joueur c\u2019est juste ce que l\u2019on voit sur trois minutes de r\u00e9sum\u00e9, c\u2019est tant pis pour eux\u00a0\u00bb.<\/em><\/p>\n<p>Ce n\u2019est pas la premi\u00e8re fois que Domenech provoque un grand nom du football. L\u2019\u00e9pisode du Mondial 2010 o\u00f9 il refuse de serrer la main au Br\u00e9silien Carlos Alberto Parreira, alors s\u00e9lectionneur de l\u2019Afrique du Sud. L\u2019image avait fait le tour des t\u00e9l\u00e9visions mondiales.<\/p>\n<\/div>\n[ad_2]\n<br \/><a href=\"https:\/\/www.football365.fr\/domenech-se-moque-de-bielsa-10115938.html?utm_source=rss_feed&#038;utm_medium=link&#038;utm_campaign=unknown\">Source link <\/a><\/p>\n","protected":false},"excerpt":{"rendered":"<p>[ad_1] L\u2019ancien s\u00e9lectionneur fran\u00e7ais a os\u00e9 critiquer Marcelo Bielsa pour les derniers propos qu\u2019il a tenus au sujet de l\u2019\u00e9volution du football. Raymond Domenech a encore rat\u00e9 l\u2019occasion de se taire. L\u2019ancien s\u00e9lectionneur de l\u2019\u00e9quipe de France s\u2019est permis de contredire l\u2019illustre Marcelo Bielsa par rapport au jugement que ce dernier a tenu concernant la &hellip;<\/p>\n","protected":false},"author":1,"featured_media":59859,"comment_status":"open","ping_status":"open","sticky":false,"template":"","format":"standard","meta":{"_seopress_robots_primary_cat":"","_seopress_titles_title":"","_seopress_titles_desc":"","_seopress_robots_index":"","_jetpack_memberships_contains_paid_content":false,"footnotes":""},"categories":[350],"tags":[],"class_list":["post-59858","post","type-post","status-publish","format-standard","has-post-thumbnail","hentry","category-sport"],"jetpack_featured_media_url":"https:\/\/tunimedia.tn\/fr\/wp-content\/uploads\/2023\/05\/PANORAMIC_264734_03211.jpg","jetpack_sharing_enabled":true,"amp_enabled":true,"_links":{"self":[{"href":"https:\/\/tunimedia.tn\/fr\/wp-json\/wp\/v2\/posts\/59858","targetHints":{"allow":["GET"]}}],"collection":[{"href":"https:\/\/tunimedia.tn\/fr\/wp-json\/wp\/v2\/posts"}],"about":[{"href":"https:\/\/tunimedia.tn\/fr\/wp-json\/wp\/v2\/types\/post"}],"author":[{"embeddable":true,"href":"https:\/\/tunimedia.tn\/fr\/wp-json\/wp\/v2\/users\/1"}],"replies":[{"embeddable":true,"href":"https:\/\/tunimedia.tn\/fr\/wp-json\/wp\/v2\/comments?post=59858"}],"version-history":[{"count":0,"href":"https:\/\/tunimedia.tn\/fr\/wp-json\/wp\/v2\/posts\/59858\/revisions"}],"wp:featuredmedia":[{"embeddable":true,"href":"https:\/\/tunimedia.tn\/fr\/wp-json\/wp\/v2\/media\/59859"}],"wp:attachment":[{"href":"https:\/\/tunimedia.tn\/fr\/wp-json\/wp\/v2\/media?parent=59858"}],"wp:term":[{"taxonomy":"category","embeddable":true,"href":"https:\/\/tunimedia.tn\/fr\/wp-json\/wp\/v2\/categories?post=59858"},{"taxonomy":"post_tag","embeddable":true,"href":"https:\/\/tunimedia.tn\/fr\/wp-json\/wp\/v2\/tags?post=59858"}],"curies":[{"name":"wp","href":"https:\/\/api.w.org\/{rel}","templated":true}]}}