{"id":51895,"date":"2023-01-24T13:39:42","date_gmt":"2023-01-24T13:39:42","guid":{"rendered":"https:\/\/www.tunimedia.tn\/fr\/strasbourg-saffaiblit-2-departs-inattendus\/"},"modified":"2023-01-24T13:39:42","modified_gmt":"2023-01-24T13:39:42","slug":"strasbourg-saffaiblit-2-departs-inattendus","status":"publish","type":"post","link":"https:\/\/tunimedia.tn\/fr\/strasbourg-saffaiblit-2-departs-inattendus\/","title":{"rendered":"Strasbourg s&rsquo;affaiblit, 2 d\u00e9parts inattendus !"},"content":{"rendered":"<p> [ad_1]\n<\/p>\n<p>\nLe mercato hivernal du Racing Club de Strasbourg est tr\u00e8s anim\u00e9. Le club alsacien aura un effectif largement remodel\u00e9 pour cette seconde partie de saison. <\/p>\n<div>\n<p>Apr\u00e8s une premi\u00e8re partie de saison catastrophique, le <a href=\"https:\/\/www.football365.fr\/france-football\/ligue-1-france-football\">Racing Club de Strasbourg<\/a> aborde la suite de cet exercice avec un gros lifting. D\u00e9termin\u00e9 \u00e0 ouvrir un nouveau chapitre pour maintenir sa place dans l\u2019\u00e9lite \u2013 au c\u0153ur d\u2019une saison qui s\u2019ach\u00e8vera par 4 rel\u00e9gations -, le pr\u00e9sident Marc Keller n\u2019est pas rest\u00e9 inactif. <strong>L\u2019entra\u00eeneur Julien St\u00e9phan a \u00e9t\u00e9 d\u00e9mis de ses fonctions, mais sur le rectangle vert, aussi, le Racing a entam\u00e9 les grandes man\u0153uvres.<\/strong><\/p>\n<h2><span style=\"color: #ff0000;\">Apr\u00e8s Thomasson, un autre joueur cadre va d\u00e9serter Strasbourg<\/span><\/h2>\n<p>La premi\u00e8re partie de ce mercato hivernal avait annonc\u00e9 la couleur : <strong>en c\u00e9dant Adrien Thomasson \u00e0 un RC Lens engag\u00e9 dans la course au titre, Strasbourg a pris un risque<\/strong>. L\u2019ancien Nantais s\u2019\u00e9tait en effet impos\u00e9 au fil des saisons comme l\u2019un des maillons forts du club alsacien, o\u00f9 sa polyvalence, sa r\u00e9gularit\u00e9 et son exceptionnel volume de jeu faisaient des merveilles. Mais Strasbourg a tr\u00e8s vite trouv\u00e9 le rempla\u00e7ant de Thomasson en s\u2019attachant les services de l\u2019ancien Marseillais Morgan Sanson, qui apportera toute son exp\u00e9rience du tr\u00e8s haut niveau.<\/p>\n<p><strong>Reste que Thomasson ne sera pas le seul joueur historique du Racing \u00e0 faire ses valises cet hiver. Un autre cadre est annonc\u00e9 sur le d\u00e9part : Ludovic Ajorque<\/strong>. En grande difficult\u00e9 cette saison apr\u00e8s plusieurs campagnes fructueuses, le puissant avant-centre r\u00e9unionnais devrait franchir le Rhin pour s\u2019engager avec la formation allemande de Mayence, selon les informations de L\u2019Equipe. Ajorque aurait d\u00e9j\u00e0 salu\u00e9 ses co\u00e9quipiers. L\u2019affaire est imminente.<\/p>\n<p>\u00a0<\/p>\n<p>\u00a0<\/p>\n<\/div>\n[ad_2]\n<br \/><a href=\"https:\/\/www.football365.fr\/mercato-strasbourg-saffaiblit-2-departs-inattendus-10088869.html?utm_source=rss_feed&#038;utm_medium=link&#038;utm_campaign=unknown\">Source link <\/a><\/p>\n","protected":false},"excerpt":{"rendered":"<p>[ad_1] Le mercato hivernal du Racing Club de Strasbourg est tr\u00e8s anim\u00e9. Le club alsacien aura un effectif largement remodel\u00e9 pour cette seconde partie de saison. Apr\u00e8s une premi\u00e8re partie de saison catastrophique, le Racing Club de Strasbourg aborde la suite de cet exercice avec un gros lifting. D\u00e9termin\u00e9 \u00e0 ouvrir un nouveau chapitre pour &hellip;<\/p>\n","protected":false},"author":1,"featured_media":51896,"comment_status":"open","ping_status":"open","sticky":false,"template":"","format":"standard","meta":{"_seopress_robots_primary_cat":"","_seopress_titles_title":"","_seopress_titles_desc":"","_seopress_robots_index":"","_jetpack_memberships_contains_paid_content":false,"footnotes":""},"categories":[350],"tags":[],"class_list":["post-51895","post","type-post","status-publish","format-standard","has-post-thumbnail","hentry","category-sport"],"jetpack_featured_media_url":"https:\/\/tunimedia.tn\/fr\/wp-content\/uploads\/2023\/01\/Racing-Club-de-Strasbourg-La-Meinau.jpg","jetpack_sharing_enabled":true,"amp_enabled":true,"_links":{"self":[{"href":"https:\/\/tunimedia.tn\/fr\/wp-json\/wp\/v2\/posts\/51895","targetHints":{"allow":["GET"]}}],"collection":[{"href":"https:\/\/tunimedia.tn\/fr\/wp-json\/wp\/v2\/posts"}],"about":[{"href":"https:\/\/tunimedia.tn\/fr\/wp-json\/wp\/v2\/types\/post"}],"author":[{"embeddable":true,"href":"https:\/\/tunimedia.tn\/fr\/wp-json\/wp\/v2\/users\/1"}],"replies":[{"embeddable":true,"href":"https:\/\/tunimedia.tn\/fr\/wp-json\/wp\/v2\/comments?post=51895"}],"version-history":[{"count":0,"href":"https:\/\/tunimedia.tn\/fr\/wp-json\/wp\/v2\/posts\/51895\/revisions"}],"wp:featuredmedia":[{"embeddable":true,"href":"https:\/\/tunimedia.tn\/fr\/wp-json\/wp\/v2\/media\/51896"}],"wp:attachment":[{"href":"https:\/\/tunimedia.tn\/fr\/wp-json\/wp\/v2\/media?parent=51895"}],"wp:term":[{"taxonomy":"category","embeddable":true,"href":"https:\/\/tunimedia.tn\/fr\/wp-json\/wp\/v2\/categories?post=51895"},{"taxonomy":"post_tag","embeddable":true,"href":"https:\/\/tunimedia.tn\/fr\/wp-json\/wp\/v2\/tags?post=51895"}],"curies":[{"name":"wp","href":"https:\/\/api.w.org\/{rel}","templated":true}]}}