{"id":46399,"date":"2022-11-09T16:55:51","date_gmt":"2022-11-09T16:55:51","guid":{"rendered":"http:\/\/www.tunimedia.tn\/fr\/sadio-mane-son-forfait-pour-le-mondial-est-il-definitif\/"},"modified":"2022-11-09T16:55:51","modified_gmt":"2022-11-09T16:55:51","slug":"sadio-mane-son-forfait-pour-le-mondial-est-il-definitif","status":"publish","type":"post","link":"https:\/\/tunimedia.tn\/fr\/sadio-mane-son-forfait-pour-le-mondial-est-il-definitif\/","title":{"rendered":"Sadio Man\u00e9, son forfait pour le Mondial est-il d\u00e9finitif ?"},"content":{"rendered":"<p> [ad_1]\n<\/p>\n<p>\nBless\u00e9 mardi avec le Bayern, Sadio Man\u00e9 va \u00eatre \u00e9loign\u00e9 des terrains pendant plusieurs semaines. Sa pr\u00e9sence au Mondial est-elle d\u00e9finitivement \u00e9cart\u00e9e ? <\/p>\n<div>\n<p>Sadio Man\u00e9 a \u00e9t\u00e9 touch\u00e9 au p\u00e9ron\u00e9 droit, mardi lors du match du Bayern contre le Werder en Bundesliga. <a href=\"https:\/\/www.football365.fr\/catastrophe-sadio-mane-10071944.html\">Une blessure suffisamment importante pour \u00e9loigner des terrains pendant 3 \u00e0 4 semaines<\/a>. Les examens m\u00e9dicaux effectu\u00e9s ce mercredi l\u2019ont confirm\u00e9. Un coup dur pour lui et pour la s\u00e9lection s\u00e9n\u00e9galaise.<\/p>\n<p>Man\u00e9 a \u00e9t\u00e9 immobilis\u00e9 et son forfait pour le Mondial se pr\u00e9cise. Mais est-il compl\u00e8tement act\u00e9\u00a0? A ce jour, pas vraiment. Et ce, pour deux raisons principales en plus <a href=\"https:\/\/www.football365.fr\/sadio-mane-bayern-ne-confirme-forfait-10072043.html\">du fait que le Bayern n\u2019a pas confirm\u00e9 son absence<\/a>.<\/p>\n<h2><span style=\"color: #ff0000;\">Aliou Ciss\u00e9 va trancher pour Sadio Man\u00e9<\/span><\/h2>\n<p>Aliou Ciss\u00e9, le s\u00e9lectionneur du S\u00e9n\u00e9gal, n\u2019a pas encore donn\u00e9 sa liste des convoqu\u00e9s pour le tournoi plan\u00e9taire. <strong>Il a jusqu\u2019\u00e0 lundi prochain pour le faire<\/strong>. On peut imaginer qu\u2019il attendra le tout dernier moment pour se prononcer, m\u00eame si la tendance est \u00e0 ce qu\u2019il le fasse d\u00e8s ce vendredi.<\/p>\n<p>Par ailleurs, si la dur\u00e9e d\u2019indisponibilit\u00e9 de Man\u00e9 est confirm\u00e9e, cela voudra dire qu\u2019il ne pourra pas \u00eatre op\u00e9rationnel durant tout le premier tour de la comp\u00e9tition. <strong>En revanche, il est possible qu\u2019il soit d\u2019attaque pour les 8es de finale.<\/strong> La phase \u00e0 \u00e9limination directe ne d\u00e9marrant que le 3 d\u00e9cembre prochain, c\u2019est-\u00e0-dire dans trois semaines et demi. L\u2019espoir est donc permis, en supposant bien s\u00fbr que les Lions de la T\u00e9ranga franchissent le cap des poules.<\/p>\n<p>Ciss\u00e9 prendra-t-il le risque d\u2019emmener un \u00e9l\u00e9ment qu\u2019il ne pourra pas utiliser pendant les trois premiers matches en croisant les doigts pour qu\u2019il soit op\u00e9rationnel apr\u00e8s\u00a0? Si apr\u00e8s il y a. C\u2019est le dilemme auquel il pourrait \u00eatre confront\u00e9.<\/p>\n<\/div>\n[ad_2]\n<br \/><a href=\"https:\/\/www.football365.fr\/sadio-mane-forfait-mondial-definitif-10072083.html?utm_source=rss_feed&#038;utm_medium=link&#038;utm_campaign=unknown\">Source link <\/a><\/p>\n","protected":false},"excerpt":{"rendered":"<p>[ad_1] Bless\u00e9 mardi avec le Bayern, Sadio Man\u00e9 va \u00eatre \u00e9loign\u00e9 des terrains pendant plusieurs semaines. Sa pr\u00e9sence au Mondial est-elle d\u00e9finitivement \u00e9cart\u00e9e ? Sadio Man\u00e9 a \u00e9t\u00e9 touch\u00e9 au p\u00e9ron\u00e9 droit, mardi lors du match du Bayern contre le Werder en Bundesliga. Une blessure suffisamment importante pour \u00e9loigner des terrains pendant 3 \u00e0 4 &hellip;<\/p>\n","protected":false},"author":1,"featured_media":46400,"comment_status":"open","ping_status":"open","sticky":false,"template":"","format":"standard","meta":{"_seopress_robots_primary_cat":"","_seopress_titles_title":"","_seopress_titles_desc":"","_seopress_robots_index":"","_jetpack_memberships_contains_paid_content":false,"footnotes":""},"categories":[350],"tags":[],"class_list":["post-46399","post","type-post","status-publish","format-standard","has-post-thumbnail","hentry","category-sport"],"jetpack_featured_media_url":"https:\/\/tunimedia.tn\/fr\/wp-content\/uploads\/2022\/11\/SENEGAL_MANE_181022.jpg","jetpack_sharing_enabled":true,"amp_enabled":true,"_links":{"self":[{"href":"https:\/\/tunimedia.tn\/fr\/wp-json\/wp\/v2\/posts\/46399","targetHints":{"allow":["GET"]}}],"collection":[{"href":"https:\/\/tunimedia.tn\/fr\/wp-json\/wp\/v2\/posts"}],"about":[{"href":"https:\/\/tunimedia.tn\/fr\/wp-json\/wp\/v2\/types\/post"}],"author":[{"embeddable":true,"href":"https:\/\/tunimedia.tn\/fr\/wp-json\/wp\/v2\/users\/1"}],"replies":[{"embeddable":true,"href":"https:\/\/tunimedia.tn\/fr\/wp-json\/wp\/v2\/comments?post=46399"}],"version-history":[{"count":0,"href":"https:\/\/tunimedia.tn\/fr\/wp-json\/wp\/v2\/posts\/46399\/revisions"}],"wp:featuredmedia":[{"embeddable":true,"href":"https:\/\/tunimedia.tn\/fr\/wp-json\/wp\/v2\/media\/46400"}],"wp:attachment":[{"href":"https:\/\/tunimedia.tn\/fr\/wp-json\/wp\/v2\/media?parent=46399"}],"wp:term":[{"taxonomy":"category","embeddable":true,"href":"https:\/\/tunimedia.tn\/fr\/wp-json\/wp\/v2\/categories?post=46399"},{"taxonomy":"post_tag","embeddable":true,"href":"https:\/\/tunimedia.tn\/fr\/wp-json\/wp\/v2\/tags?post=46399"}],"curies":[{"name":"wp","href":"https:\/\/api.w.org\/{rel}","templated":true}]}}