{"id":45202,"date":"2022-10-23T17:57:42","date_gmt":"2022-10-23T17:57:42","guid":{"rendered":"http:\/\/www.tunimedia.tn\/fr\/insultes-racistes-gastien-repond-a-slimani\/"},"modified":"2022-10-23T17:57:42","modified_gmt":"2022-10-23T17:57:42","slug":"insultes-racistes-gastien-repond-a-slimani","status":"publish","type":"post","link":"https:\/\/tunimedia.tn\/fr\/insultes-racistes-gastien-repond-a-slimani\/","title":{"rendered":"Insultes racistes ? Gastien r\u00e9pond \u00e0 Slimani"},"content":{"rendered":"<p> [ad_1]\n<\/p>\n<p>\nAccus\u00e9 par Islam Slimani d&rsquo;avoir tenu des propos racistes \u00e0 son \u00e9gard, Johan Gastien a livr\u00e9 sa version des faits. <\/p>\n<div>\n<p>\u00abIl m\u2019a dit sale arabe\u00bb. <a href=\"https:\/\/www.football365.fr\/scandale-slimani-traite-de-saler-arabe-gastien-10067881.html\"><strong>Ces propos forts et graves, sign\u00e9s Islam Slimani et d\u00e9signant Johan Gastien<\/strong><\/a> apr\u00e8s le match opposant Clermont \u00e0 Brest (1-3), ne sont pas pass\u00e9s inaper\u00e7us ce dimanche apr\u00e8s-midi. L\u2019attaquant international alg\u00e9rien a maintenu sa version \u00e0 froid concernant cet acte raciste que le milieu de terrain auvergat aurait commis durant leurs \u00e9changes verbaux.<\/p>\n<h2><span style=\"color: #ff0000;\">Gastien : \u00ab\u00a0Jamais de ma vie je ne dirai \u00e7a\u00a0\u00bb<\/span><\/h2>\n<p>Gastien a tenu \u00e0 r\u00e9pondre au micro de Prime Vid\u00e9o. Il n\u2019y a pas que des gens intelligents sur le terrain donc voil\u00e0, c\u2019est comme \u00e7a. C\u2019est regrettable. Venant d\u2019un mec qui a 500 matchs en professionnel, \u00e7a m\u2019emmerde un peu mais bon\u2026 Quand \u00e7a chambre des fois, ou que \u00e7a parle mal, c\u2019est comme \u00e7a. C\u2019est sur le terrain. <strong>Mais ce qui me rassure, c\u2019est qu\u2019il y a mes coll\u00e8gues de Brest \u00e0 c\u00f4t\u00e9 et qui me disent qu\u2019il n\u2019est pas tout \u00e0 fait net non plus<\/strong>, donc voil\u00e0, moi je suis tranquille dans ma peau\u00a0\u00bb.<\/p>\n<p>Relanc\u00e9 pour savoir s\u2019il aurait tenu les propos rapport\u00e9s par Slimani, Gastien a pr\u00e9cis\u00e9 le fond de sa pens\u00e9e. \u00ab\u00a0<strong>Non, jamais de ma vie je ne dirai \u00e7a<\/strong>, a poursuivi Gastien au bord des larmes. Le probl\u00e8me dans cette histoire, c\u2019est que c\u2019est moi qui passe pour un con. Mais il y a n\u2019a pas de soucis, c\u2019est regrettable mais c\u2019est le jeu. C\u2019est regrettable parce que je d\u00e9fends des choses qui sont contre \u00e7a donc \u00e7a me fait chier\u00a0\u00bb, a-t-il conclu.<\/p>\n<\/div>\n[ad_2]\n<br \/><a href=\"https:\/\/www.football365.fr\/insultes-racistes-gastien-repond-a-slimani-10067903.html?utm_source=rss_feed&#038;utm_medium=link&#038;utm_campaign=unknown\">Source link <\/a><\/p>\n","protected":false},"excerpt":{"rendered":"<p>[ad_1] Accus\u00e9 par Islam Slimani d&rsquo;avoir tenu des propos racistes \u00e0 son \u00e9gard, Johan Gastien a livr\u00e9 sa version des faits. \u00abIl m\u2019a dit sale arabe\u00bb. Ces propos forts et graves, sign\u00e9s Islam Slimani et d\u00e9signant Johan Gastien apr\u00e8s le match opposant Clermont \u00e0 Brest (1-3), ne sont pas pass\u00e9s inaper\u00e7us ce dimanche apr\u00e8s-midi. L\u2019attaquant &hellip;<\/p>\n","protected":false},"author":1,"featured_media":45203,"comment_status":"open","ping_status":"open","sticky":false,"template":"","format":"standard","meta":{"_seopress_robots_primary_cat":"","_seopress_titles_title":"","_seopress_titles_desc":"","_seopress_robots_index":"","_jetpack_memberships_contains_paid_content":false,"footnotes":""},"categories":[350],"tags":[],"class_list":["post-45202","post","type-post","status-publish","format-standard","has-post-thumbnail","hentry","category-sport"],"jetpack_featured_media_url":"https:\/\/tunimedia.tn\/fr\/wp-content\/uploads\/2022\/10\/Gastien-Clermont.jpg","jetpack_sharing_enabled":true,"amp_enabled":true,"_links":{"self":[{"href":"https:\/\/tunimedia.tn\/fr\/wp-json\/wp\/v2\/posts\/45202","targetHints":{"allow":["GET"]}}],"collection":[{"href":"https:\/\/tunimedia.tn\/fr\/wp-json\/wp\/v2\/posts"}],"about":[{"href":"https:\/\/tunimedia.tn\/fr\/wp-json\/wp\/v2\/types\/post"}],"author":[{"embeddable":true,"href":"https:\/\/tunimedia.tn\/fr\/wp-json\/wp\/v2\/users\/1"}],"replies":[{"embeddable":true,"href":"https:\/\/tunimedia.tn\/fr\/wp-json\/wp\/v2\/comments?post=45202"}],"version-history":[{"count":0,"href":"https:\/\/tunimedia.tn\/fr\/wp-json\/wp\/v2\/posts\/45202\/revisions"}],"wp:featuredmedia":[{"embeddable":true,"href":"https:\/\/tunimedia.tn\/fr\/wp-json\/wp\/v2\/media\/45203"}],"wp:attachment":[{"href":"https:\/\/tunimedia.tn\/fr\/wp-json\/wp\/v2\/media?parent=45202"}],"wp:term":[{"taxonomy":"category","embeddable":true,"href":"https:\/\/tunimedia.tn\/fr\/wp-json\/wp\/v2\/categories?post=45202"},{"taxonomy":"post_tag","embeddable":true,"href":"https:\/\/tunimedia.tn\/fr\/wp-json\/wp\/v2\/tags?post=45202"}],"curies":[{"name":"wp","href":"https:\/\/api.w.org\/{rel}","templated":true}]}}