{"id":4255,"date":"2021-04-24T18:30:08","date_gmt":"2021-04-24T18:30:08","guid":{"rendered":"https:\/\/www.tunimedia.tn\/fr\/fc-porto-marega-dans-lincertitude\/"},"modified":"2021-04-24T18:30:08","modified_gmt":"2021-04-24T18:30:08","slug":"fc-porto-marega-dans-lincertitude","status":"publish","type":"post","link":"https:\/\/tunimedia.tn\/fr\/fc-porto-marega-dans-lincertitude\/","title":{"rendered":"FC Porto : Marega dans l&rsquo;incertitude"},"content":{"rendered":"<p> [ad_1]\n<\/p>\n<p>\nA deux mois de la fin de son contrat au FC Porto, Moussa Marega demeure dans l&rsquo;incertitude quant \u00e0 son avenir. <\/p>\n<div>\n<p><strong>A un peu plus de deux mois de la fin de son contrat au FC Porto, Moussa Marega<\/strong> ne sait toujours pas de quoi son avenir sera fait. Des <strong>rumeurs contradictoires<\/strong> fleurissent \u00e0 propos de l\u2019attaquant international malien de 30 ans, <strong>tant\u00f4t annonc\u00e9 proche de signer un nouveau bail<\/strong> avec les Dragons, <strong>tant\u00f4t annonc\u00e9 en partance<\/strong> pour la Turquie (Fenerbah\u00e7e) ou l\u2019Arabie Saoudite (Al-Hilal). interrog\u00e9 par le quotidien sportif <em>O Jogo<\/em>, le conseiller du joueur, Aziz Ben Aissa, fait le point sur la situation de son client. <\/p>\n<p><strong>\u00ab Je n\u2019ai pas encore parl\u00e9 aux dirigeants du FC Porto \u00bb<\/strong>, indique l\u2019agent de l\u2019avant-centre, auteur du but de la victoire contre le Vitoria Guimaraes, jeudi. \u00ab Je n\u2019ai pas encore de rendez-vous, mais bien s\u00fbr que nous discutons avec le FC Porto \u00bb, a-t-il ajout\u00e9, avant de d\u00e9mentir les d\u00e9clarations mises dans sa bouche par le site turc <em>Sporx<\/em>, selon lesquelles les n\u00e9gociations sur une prolongation de Moussa Marega auraient \u00e9chou\u00e9. Et de conclure en <strong>ne fermant aucune porte quant \u00e0 l\u2019avenir du natif des Ulis<\/strong>, au FC Porto depuis cinq ans : \u00ab Tout est possible. \u00bb<\/p>\n<\/div>\n[ad_2]\n<br \/><a href=\"https:\/\/www.football365.fr\/fc-porto-marega-lincertitude-9964637.html\">Source link <\/a><\/p>\n","protected":false},"excerpt":{"rendered":"<p>[ad_1] A deux mois de la fin de son contrat au FC Porto, Moussa Marega demeure dans l&rsquo;incertitude quant \u00e0 son avenir. A un peu plus de deux mois de la fin de son contrat au FC Porto, Moussa Marega ne sait toujours pas de quoi son avenir sera fait. Des rumeurs contradictoires fleurissent \u00e0 &hellip;<\/p>\n","protected":false},"author":1,"featured_media":4256,"comment_status":"open","ping_status":"open","sticky":false,"template":"","format":"standard","meta":{"_seopress_robots_primary_cat":"","_seopress_titles_title":"","_seopress_titles_desc":"","_seopress_robots_index":"","_jetpack_memberships_contains_paid_content":false,"footnotes":""},"categories":[350],"tags":[],"class_list":["post-4255","post","type-post","status-publish","format-standard","has-post-thumbnail","hentry","category-sport"],"jetpack_featured_media_url":"https:\/\/tunimedia.tn\/fr\/wp-content\/uploads\/2021\/04\/PORTO_MAREGA_240421.jpg","jetpack_sharing_enabled":true,"amp_enabled":true,"_links":{"self":[{"href":"https:\/\/tunimedia.tn\/fr\/wp-json\/wp\/v2\/posts\/4255","targetHints":{"allow":["GET"]}}],"collection":[{"href":"https:\/\/tunimedia.tn\/fr\/wp-json\/wp\/v2\/posts"}],"about":[{"href":"https:\/\/tunimedia.tn\/fr\/wp-json\/wp\/v2\/types\/post"}],"author":[{"embeddable":true,"href":"https:\/\/tunimedia.tn\/fr\/wp-json\/wp\/v2\/users\/1"}],"replies":[{"embeddable":true,"href":"https:\/\/tunimedia.tn\/fr\/wp-json\/wp\/v2\/comments?post=4255"}],"version-history":[{"count":0,"href":"https:\/\/tunimedia.tn\/fr\/wp-json\/wp\/v2\/posts\/4255\/revisions"}],"wp:featuredmedia":[{"embeddable":true,"href":"https:\/\/tunimedia.tn\/fr\/wp-json\/wp\/v2\/media\/4256"}],"wp:attachment":[{"href":"https:\/\/tunimedia.tn\/fr\/wp-json\/wp\/v2\/media?parent=4255"}],"wp:term":[{"taxonomy":"category","embeddable":true,"href":"https:\/\/tunimedia.tn\/fr\/wp-json\/wp\/v2\/categories?post=4255"},{"taxonomy":"post_tag","embeddable":true,"href":"https:\/\/tunimedia.tn\/fr\/wp-json\/wp\/v2\/tags?post=4255"}],"curies":[{"name":"wp","href":"https:\/\/api.w.org\/{rel}","templated":true}]}}