{"id":4079,"date":"2021-04-22T14:20:30","date_gmt":"2021-04-22T14:20:30","guid":{"rendered":"http:\/\/www.tunimedia.tn\/fr\/avec-le-brydge-12-9-max-le-nouvel-ipad-pro-peut-tout-a-fait-remplacer-un-ordinateur-portable\/"},"modified":"2021-04-22T14:20:30","modified_gmt":"2021-04-22T14:20:30","slug":"avec-le-brydge-12-9-max-le-nouvel-ipad-pro-peut-tout-a-fait-remplacer-un-ordinateur-portable","status":"publish","type":"post","link":"https:\/\/tunimedia.tn\/fr\/avec-le-brydge-12-9-max-le-nouvel-ipad-pro-peut-tout-a-fait-remplacer-un-ordinateur-portable\/","title":{"rendered":"Avec le Brydge 12.9 MAX+, le nouvel iPad Pro peut tout \u00e0 fait remplacer un ordinateur portable"},"content":{"rendered":"<p> [ad_1]\n<\/p>\n<div>\n<h2 class=\"chapo\">Les accessoires tiers permettent d&rsquo;aller plus loin avec ses appareils \u00e9lectroniques. C&rsquo;est le cas par exemple avec les tablettes, en ajoutant un clavier. C&rsquo;est particuli\u00e8rement vrai pour l&rsquo;iPad.<\/h2>\n<p>Apple n\u2019a de cesse, depuis quelques ann\u00e9es, de r\u00e9duire le foss\u00e9 entre l\u2019iPad et le <a target=\"_blank\" title=\"MacBook\" href=\"https:\/\/www.begeek.fr\/apple\/macbook\">MacBook<\/a>, entre sa tablette et son ordinateur portable. Une \u00e9tape importante a \u00e9t\u00e9 franchie il y a quelques jours avec l\u2019introduction du premier mod\u00e8le dot\u00e9e de la puce M1, la m\u00eame que l\u2019on retrouve dans les derniers MacBook en date. Avec l\u2019accessoire <a target=\"_blank\" href=\"https:\/\/9to5mac.com\/2021\/04\/21\/brydge-unveils-new-max-keyboard-trackpad-combo-for-12-9-inch-ipad-pro\/\">Brydge 12.9 MAX+<\/a> sur un nouvel <strong>iPad Pro<\/strong>, on se retrouve avec une alternative tr\u00e8s int\u00e9ressante et tr\u00e8s capable.<\/p>\n<h2>Brydge 12.9 MAX+, un \u00e9tui clavier pour aller plus loin avec le nouvel iPad Pro 12,9 pouces<\/h2>\n<p>\u00c9tant donn\u00e9 la taille de l\u2019iPad Pro dans sa version 12,9 pouces, et les performances offertes par la tablette, il est tout \u00e0 fait possible de l\u2019utiliser comme alternative \u00e0 un ordinateur portable. Cela peut \u00e9videmment varier selon ce que vous faites avec votre ordinateur, mais pour faire des t\u00e2ches basiques de bureautique, c\u2019est plus que suffisant. A fortiori si vous utilisez des accessoires tiers comme l\u2019Apple Magic Keyboard.<\/p>\n<h2>Pour une alternative tr\u00e8s cr\u00e9dible \u00e0 un ordinateur portable<\/h2>\n<p>Cela \u00e9tant dit, si le tarif du Magic Keyboard est trop \u00e9lev\u00e9 pour votre portefeuille, vous pourriez \u00eatre int\u00e9ress\u00e9(e) d\u2019apprendre que Brydge vient d\u2019annoncer un nouvel accessoire pour le tout dernier iPad Pro, le 12.9 MAX+. Il s\u2019agit d\u2019un \u00e9tui de protection comprenant un clavier et un trackpad sp\u00e9cifiquement con\u00e7u pour l\u2019iPad Pro. Une fois en place, on pourrait jurer que cette tablette est un ordinateur portable.<\/p>\n<p>Selon le communiqu\u00e9 de Brydge, parmi les fonctionnalit\u00e9s de ce 12.9 MAX+, on peut citer le r\u00e9veil instantan\u00e9 via l\u2019appui sur une touche, des touches de raccourcis et une finition tr\u00e8s r\u00e9ussie gr\u00e2ce \u00e0 l\u2019utilisation d\u2019aluminium de grande qualit\u00e9. \u00c0 l\u2019heure actuelle, cet accessoire n\u2019est disponible que pour l\u2019iPad Pro 12,9 pouces. Nul ne sait si une version 11 pouces arrivera un jour non.<\/p>\n<p>Brydge n\u2019est pas le seul \u00e0 proposer des \u00e9tuis clavier pour l\u2019iPad Pro. Il y a quelques heures, <a target=\"_blank\" title=\"Logitech\" href=\"https:\/\/www.begeek.fr\/logitech\">Logitech<\/a> annon\u00e7ait lui aussi un accessoire similaire dans sa gamme Combo Touch. Le Brydge 12.9 MAX+ est vendu 250 $, les premi\u00e8res livraisons sont attendues en juin.<\/p>\n<\/div>\n[ad_2]\n<br \/><a href=\"https:\/\/www.begeek.fr\/avec-le-brydge-12-9-max-le-nouvel-ipad-pro-peut-tout-a-fait-remplacer-un-ordinateur-portable-355691?utm_source=feed&#038;utm_campaign=general\">Source link <\/a><\/p>\n","protected":false},"excerpt":{"rendered":"<p>[ad_1] Les accessoires tiers permettent d&rsquo;aller plus loin avec ses appareils \u00e9lectroniques. C&rsquo;est le cas par exemple avec les tablettes, en ajoutant un clavier. C&rsquo;est particuli\u00e8rement vrai pour l&rsquo;iPad. Apple n\u2019a de cesse, depuis quelques ann\u00e9es, de r\u00e9duire le foss\u00e9 entre l\u2019iPad et le MacBook, entre sa tablette et son ordinateur portable. Une \u00e9tape importante &hellip;<\/p>\n","protected":false},"author":1,"featured_media":4080,"comment_status":"open","ping_status":"open","sticky":false,"template":"","format":"standard","meta":{"_seopress_robots_primary_cat":"","_seopress_titles_title":"","_seopress_titles_desc":"","_seopress_robots_index":"","_jetpack_memberships_contains_paid_content":false,"footnotes":""},"categories":[16,335,19,349,239],"tags":[],"class_list":["post-4079","post","type-post","status-publish","format-standard","has-post-thumbnail","hentry","category-high-tech","category-tie-games","category-mode","category-tech-net","category-web"],"jetpack_featured_media_url":"https:\/\/tunimedia.tn\/fr\/wp-content\/uploads\/2021\/04\/Brydge-12.9-MAX.jpg","jetpack_sharing_enabled":true,"amp_enabled":true,"_links":{"self":[{"href":"https:\/\/tunimedia.tn\/fr\/wp-json\/wp\/v2\/posts\/4079","targetHints":{"allow":["GET"]}}],"collection":[{"href":"https:\/\/tunimedia.tn\/fr\/wp-json\/wp\/v2\/posts"}],"about":[{"href":"https:\/\/tunimedia.tn\/fr\/wp-json\/wp\/v2\/types\/post"}],"author":[{"embeddable":true,"href":"https:\/\/tunimedia.tn\/fr\/wp-json\/wp\/v2\/users\/1"}],"replies":[{"embeddable":true,"href":"https:\/\/tunimedia.tn\/fr\/wp-json\/wp\/v2\/comments?post=4079"}],"version-history":[{"count":0,"href":"https:\/\/tunimedia.tn\/fr\/wp-json\/wp\/v2\/posts\/4079\/revisions"}],"wp:featuredmedia":[{"embeddable":true,"href":"https:\/\/tunimedia.tn\/fr\/wp-json\/wp\/v2\/media\/4080"}],"wp:attachment":[{"href":"https:\/\/tunimedia.tn\/fr\/wp-json\/wp\/v2\/media?parent=4079"}],"wp:term":[{"taxonomy":"category","embeddable":true,"href":"https:\/\/tunimedia.tn\/fr\/wp-json\/wp\/v2\/categories?post=4079"},{"taxonomy":"post_tag","embeddable":true,"href":"https:\/\/tunimedia.tn\/fr\/wp-json\/wp\/v2\/tags?post=4079"}],"curies":[{"name":"wp","href":"https:\/\/api.w.org\/{rel}","templated":true}]}}