{"id":40520,"date":"2022-08-23T19:16:28","date_gmt":"2022-08-23T19:16:28","guid":{"rendered":"http:\/\/www.tunimedia.tn\/fr\/bernardo-silva-a-barcelone-on-en-reparle\/"},"modified":"2022-08-23T19:16:28","modified_gmt":"2022-08-23T19:16:28","slug":"bernardo-silva-a-barcelone-on-en-reparle","status":"publish","type":"post","link":"https:\/\/tunimedia.tn\/fr\/bernardo-silva-a-barcelone-on-en-reparle\/","title":{"rendered":"Bernardo Silva \u00e0 Barcelone, on en reparle"},"content":{"rendered":"<p> [ad_1]\n<\/p>\n<p>\nLe milieu portugais Bernardo Silva est de nouveau annonc\u00e9 avec insistance du c\u00f4t\u00e9 de FC Barcelone. <\/p>\n<div>\n<p>Dimanche dernier, Bernardo Silva a disput\u00e9 son premier match comme titulaire de la saison \u00e0 l\u2019occasion du duel entre Manchester City et Newcastle United. <a href=\"https:\/\/www.football365.fr\/man-city-soriano-ferme-porte-a-depart-de-bernardo-silva-10053539.html\">On pensait alors son dossier clos<\/a>, surtout <a href=\"https:\/\/www.football365.fr\/guardiola-insiste-bernardo-silva-10052658.html\">apr\u00e8s les propos qu\u2019a tenus le concernant Pep Guardiola<\/a>, mais il semblerait que ce n\u2019est pas le cas.<strong> Sa potentielle venue \u00e0 Barcelone serait toujours d\u2019actualit\u00e9.<\/strong><\/p>\n<h2><span style=\"color: #ff0000;\">Bernardo Silva fait pression sur Manchester City<\/span><\/h2>\n<p>Ce qui a raviv\u00e9 la rumeur d\u2019un engagement de l\u2019ancien mon\u00e9gasque avec les Blaugrana c\u2019est le fait qu\u2019il rechercherait en ce moment une maison \u00e0 Barcelone. Des proches \u00e0 lui auraient \u00e9t\u00e9 aper\u00e7us ce mardi matin dans la capitale catalane d\u2019apr\u00e8s ce que r\u00e9v\u00e8le le journaliste espagnol Gerard Romero.<\/p>\n<p>Il n\u2019est pas impossible que \u00e7a soit de fausses pistes, lanc\u00e9es dans les m\u00e9dias afin d\u2019amener la direction des Sky Blues \u00e0 produire les efforts n\u00e9cessaires pour garder son ailier lusitanien. <strong>C\u2019est tout \u00e0 fait cr\u00e9dible, \u00e0 un moment o\u00f9 les n\u00e9gociations seraient men\u00e9es pour une prolongation.<\/strong> Bernardo Silva et son clan tableraient sur un nouveau contrat de longue dur\u00e9e, avec des \u00e9moluments revus largement \u00e0 la hausse. Il voudrait le double de ce qu\u2019il touche actuellement, \u00e0 savoir 9,1M\u20ac par an.<\/p>\n<\/div>\n[ad_2]\n<br \/><a href=\"https:\/\/www.football365.fr\/bernardo-silva-a-barcelone-on-reparle-10053646.html?utm_source=rss_feed&#038;utm_medium=link&#038;utm_campaign=unknown\">Source link <\/a><\/p>\n","protected":false},"excerpt":{"rendered":"<p>[ad_1] Le milieu portugais Bernardo Silva est de nouveau annonc\u00e9 avec insistance du c\u00f4t\u00e9 de FC Barcelone. Dimanche dernier, Bernardo Silva a disput\u00e9 son premier match comme titulaire de la saison \u00e0 l\u2019occasion du duel entre Manchester City et Newcastle United. On pensait alors son dossier clos, surtout apr\u00e8s les propos qu\u2019a tenus le concernant &hellip;<\/p>\n","protected":false},"author":1,"featured_media":40016,"comment_status":"open","ping_status":"open","sticky":false,"template":"","format":"standard","meta":{"_seopress_robots_primary_cat":"","_seopress_titles_title":"","_seopress_titles_desc":"","_seopress_robots_index":"","_jetpack_memberships_contains_paid_content":false,"footnotes":""},"categories":[350],"tags":[],"class_list":["post-40520","post","type-post","status-publish","format-standard","has-post-thumbnail","hentry","category-sport"],"jetpack_featured_media_url":"https:\/\/tunimedia.tn\/fr\/wp-content\/uploads\/2022\/08\/Bernardo-Silva-Manchester-City-3.jpg","jetpack_sharing_enabled":true,"amp_enabled":true,"_links":{"self":[{"href":"https:\/\/tunimedia.tn\/fr\/wp-json\/wp\/v2\/posts\/40520","targetHints":{"allow":["GET"]}}],"collection":[{"href":"https:\/\/tunimedia.tn\/fr\/wp-json\/wp\/v2\/posts"}],"about":[{"href":"https:\/\/tunimedia.tn\/fr\/wp-json\/wp\/v2\/types\/post"}],"author":[{"embeddable":true,"href":"https:\/\/tunimedia.tn\/fr\/wp-json\/wp\/v2\/users\/1"}],"replies":[{"embeddable":true,"href":"https:\/\/tunimedia.tn\/fr\/wp-json\/wp\/v2\/comments?post=40520"}],"version-history":[{"count":0,"href":"https:\/\/tunimedia.tn\/fr\/wp-json\/wp\/v2\/posts\/40520\/revisions"}],"wp:featuredmedia":[{"embeddable":true,"href":"https:\/\/tunimedia.tn\/fr\/wp-json\/wp\/v2\/media\/40016"}],"wp:attachment":[{"href":"https:\/\/tunimedia.tn\/fr\/wp-json\/wp\/v2\/media?parent=40520"}],"wp:term":[{"taxonomy":"category","embeddable":true,"href":"https:\/\/tunimedia.tn\/fr\/wp-json\/wp\/v2\/categories?post=40520"},{"taxonomy":"post_tag","embeddable":true,"href":"https:\/\/tunimedia.tn\/fr\/wp-json\/wp\/v2\/tags?post=40520"}],"curies":[{"name":"wp","href":"https:\/\/api.w.org\/{rel}","templated":true}]}}