{"id":40518,"date":"2022-08-23T18:52:12","date_gmt":"2022-08-23T18:52:12","guid":{"rendered":"http:\/\/www.tunimedia.tn\/fr\/les-transferts-africains-du-jour-23-aout-2022\/"},"modified":"2022-08-23T18:52:12","modified_gmt":"2022-08-23T18:52:12","slug":"les-transferts-africains-du-jour-23-aout-2022","status":"publish","type":"post","link":"https:\/\/tunimedia.tn\/fr\/les-transferts-africains-du-jour-23-aout-2022\/","title":{"rendered":"Les transferts africains du jour (23 ao\u00fbt 2022)"},"content":{"rendered":"<p> [ad_1]\n<\/p>\n<p>\nRetrouvez quotidiennement les principales informations transferts relatives aux joueurs africains. <\/p>\n<div>\n<p>Le milieu d\u00e9fensif camerounais <strong>Wilitty Younoussa<\/strong> (20 ans) quitte Dijon pour Rodez, o\u00f9 il s\u2019est engag\u00e9 pour deux saisons, soit jusqu\u2019au 30 juin 2024.<\/p>\n<blockquote class=\"twitter-tweet\">\n<p lang=\"fr\" dir=\"ltr\">Wilitty Younoussa, milieu de terrain de 20 ans, s\u2019engage avec le RAF jusqu\u2019en 2024 &#x270d;&#xfe0f;&#x1f48a;<\/p>\n<p>   Wilitty &#x2764;&#xfe0f;&#x1f49b;<\/p>\n<p>Plus d\u2019infos sur lui &#x1f449; <a href=\"https:\/\/t.co\/0tmz6K9PYs\">https:\/\/t.co\/0tmz6K9PYs<\/a> <a href=\"https:\/\/t.co\/kEqYYFg3Ur\">pic.twitter.com\/kEqYYFg3Ur<\/a><\/p>\n<p>\u2014 Rodez Aveyron Foot (@OfficielRAF) <a href=\"https:\/\/twitter.com\/OfficielRAF\/status\/1561979303365074944?ref_src=twsrc%5Etfw\">August 23, 2022<\/a><\/p>\n<\/blockquote>\n<p>L\u2019Olympiakos pr\u00eate pour la saison son milieu de terrain international guin\u00e9en<strong> Mamadou Kan\u00e9<\/strong> (25 ans) \u00e0 Pafos (L1 chypriote), qui disposera d\u2019une option d\u2019achat sur l\u2019ancien de l\u2019AS Kaloum.<\/p>\n<blockquote class=\"twitter-tweet\">\n<p lang=\"und\" dir=\"ltr\">Pafos, 23 August, 2022 \u2013 PAFOS FC announce the signing of the international with Guinea National team footballer Mamadou Kan\u00e9.<\/p>\n<p>Mamadou Kan\u00e9, 25, (22\/01\/1997) plays as a central midfielder.<a href=\"https:\/\/t.co\/1r1JJKeMke\">https:\/\/t.co\/1r1JJKeMke<\/a> <a href=\"https:\/\/t.co\/mRKh4Kd9Ca\">pic.twitter.com\/mRKh4Kd9Ca<\/a><\/p>\n<p>\u2014 Pafos FC (@pafosfcofficial) <a href=\"https:\/\/twitter.com\/pafosfcofficial\/status\/1562070464016650242?ref_src=twsrc%5Etfw\">August 23, 2022<\/a><\/p>\n<\/blockquote>\n<p>L\u2019attaquant marocain <strong>Reda El Hajhouj <\/strong>quitte le FUS Rabat pour Al-Faisaly, en Arabie Saoudite, o\u00f9 l\u2019attend un contrat de deux saisons. Le club marocain, dont le joueur de 28 ans portait les couleurs depuis l\u2019\u00e9t\u00e9 2020, a annonc\u00e9 la nouvelle sur les r\u00e9seaux sociaux. <\/p>\n<blockquote class=\"twitter-tweet\">\n<p lang=\"ar\" dir=\"rtl\">\u00a0\u00bb \u0631\u0636\u0649 \u0627\u0644\u0647\u062c\u0647\u0648\u062c \u00a0\u00bb \u0634\u0643\u0631\u0627 \u0639\u0644\u0649 \u0643\u0644 \u0645\u0627 \u0642\u062f\u0645\u062a\u0647 \u0644\u0644\u0641\u0631\u064a\u0642\u060c \u0646\u062a\u0645\u0646\u0649 \u0644\u0643 \u0627\u0644\u062a\u0648\u0641\u064a\u0642 \u0641\u064a \u0645\u0634\u0648\u0627\u0631\u0643 \u0627\u0644\u0642\u0627\u062f\u0645 &#x1f534;&#x1f44b;<a href=\"https:\/\/twitter.com\/hashtag\/DIMAFUS?src=hash&amp;ref_src=twsrc%5Etfw\">#DIMAFUS<\/a> <a href=\"https:\/\/twitter.com\/hashtag\/ALLEZFUS?src=hash&amp;ref_src=twsrc%5Etfw\">#ALLEZFUS<\/a> <a href=\"https:\/\/t.co\/k7nPadaeis\">pic.twitter.com\/k7nPadaeis<\/a><\/p>\n<p>\u2014 Fath Union Sport-FUS (@FUS_OFFICIEL) <a href=\"https:\/\/twitter.com\/FUS_OFFICIEL\/status\/1562042630988611586?ref_src=twsrc%5Etfw\">August 23, 2022<\/a><\/p>\n<\/blockquote>\n<p>Le Zamalek a annonc\u00e9 officiellement la signature du milieu d\u00e9fensif international U23 marocain<strong> Zakaria El Wardi<\/strong> (24 ans), libre depuis la fin de son contrat au Raja Casablanca en juin dernier. <\/p>\n<p>Le lat\u00e9ral gauche international ivoirien <strong>Hassane Kamara <\/strong>a \u00e9t\u00e9 transf\u00e9r\u00e9 de Watford \u00e0 l\u2019Udinese, qui l\u2019a dans la foul\u00e9e repr\u00eat\u00e9 aux Hornets, rel\u00e9gu\u00e9s en Championship ce printemps. <\/p>\n<\/div>\n<p><script async src=\"\/\/platform.twitter.com\/widgets.js\" charset=\"utf-8\"><\/script><br \/>\n<br \/>[ad_2]\n<br \/><a href=\"https:\/\/www.football365.fr\/mercato-transferts-africains-jour-23-aout-2022-10053667.html?utm_source=rss_feed&#038;utm_medium=link&#038;utm_campaign=unknown\">Source link <\/a><\/p>\n","protected":false},"excerpt":{"rendered":"<p>[ad_1] Retrouvez quotidiennement les principales informations transferts relatives aux joueurs africains. Le milieu d\u00e9fensif camerounais Wilitty Younoussa (20 ans) quitte Dijon pour Rodez, o\u00f9 il s\u2019est engag\u00e9 pour deux saisons, soit jusqu\u2019au 30 juin 2024. Wilitty Younoussa, milieu de terrain de 20 ans, s\u2019engage avec le RAF jusqu\u2019en 2024 &#x270d;&#xfe0f;&#x1f48a; Wilitty &#x2764;&#xfe0f;&#x1f49b; Plus d\u2019infos sur &hellip;<\/p>\n","protected":false},"author":1,"featured_media":40519,"comment_status":"open","ping_status":"open","sticky":false,"template":"","format":"standard","meta":{"_seopress_robots_primary_cat":"","_seopress_titles_title":"","_seopress_titles_desc":"","_seopress_robots_index":"","_jetpack_memberships_contains_paid_content":false,"footnotes":""},"categories":[350],"tags":[],"class_list":["post-40518","post","type-post","status-publish","format-standard","has-post-thumbnail","hentry","category-sport"],"jetpack_featured_media_url":"https:\/\/tunimedia.tn\/fr\/wp-content\/uploads\/2022\/08\/DIJON_YOUNOUSSA_230822.jpg","jetpack_sharing_enabled":true,"amp_enabled":true,"_links":{"self":[{"href":"https:\/\/tunimedia.tn\/fr\/wp-json\/wp\/v2\/posts\/40518","targetHints":{"allow":["GET"]}}],"collection":[{"href":"https:\/\/tunimedia.tn\/fr\/wp-json\/wp\/v2\/posts"}],"about":[{"href":"https:\/\/tunimedia.tn\/fr\/wp-json\/wp\/v2\/types\/post"}],"author":[{"embeddable":true,"href":"https:\/\/tunimedia.tn\/fr\/wp-json\/wp\/v2\/users\/1"}],"replies":[{"embeddable":true,"href":"https:\/\/tunimedia.tn\/fr\/wp-json\/wp\/v2\/comments?post=40518"}],"version-history":[{"count":0,"href":"https:\/\/tunimedia.tn\/fr\/wp-json\/wp\/v2\/posts\/40518\/revisions"}],"wp:featuredmedia":[{"embeddable":true,"href":"https:\/\/tunimedia.tn\/fr\/wp-json\/wp\/v2\/media\/40519"}],"wp:attachment":[{"href":"https:\/\/tunimedia.tn\/fr\/wp-json\/wp\/v2\/media?parent=40518"}],"wp:term":[{"taxonomy":"category","embeddable":true,"href":"https:\/\/tunimedia.tn\/fr\/wp-json\/wp\/v2\/categories?post=40518"},{"taxonomy":"post_tag","embeddable":true,"href":"https:\/\/tunimedia.tn\/fr\/wp-json\/wp\/v2\/tags?post=40518"}],"curies":[{"name":"wp","href":"https:\/\/api.w.org\/{rel}","templated":true}]}}