{"id":38552,"date":"2022-07-28T10:46:40","date_gmt":"2022-07-28T10:46:40","guid":{"rendered":"http:\/\/www.tunimedia.tn\/fr\/absence-plus-longue-que-prevu-pour-haller\/"},"modified":"2022-07-28T10:46:40","modified_gmt":"2022-07-28T10:46:40","slug":"absence-plus-longue-que-prevu-pour-haller","status":"publish","type":"post","link":"https:\/\/tunimedia.tn\/fr\/absence-plus-longue-que-prevu-pour-haller\/","title":{"rendered":"Absence plus longue que pr\u00e9vu pour Haller"},"content":{"rendered":"<p> [ad_1]\n<\/p>\n<p>\nLe Borussia Dortmund va devoir se passer de l&rsquo;attaquant Sebastien Haller pour le reste de l&rsquo;ann\u00e9e suite \u00e0 son op\u00e9ration. <\/p>\n<div>\n<p><strong>Haller s\u2019est fait d\u00e9couvrir une tumeur testiculaire au d\u00e9but du mois et a depuis \u00e9t\u00e9 op\u00e9r\u00e9 avec succ\u00e8s.<\/strong> Il entame maintenant le chemin de la gu\u00e9rison avec son nouveau club. \u00ab\u00a0On discute encore du type de th\u00e9rapie dont il aura besoin, mais il est clair qu\u2019il sera absent pendant quelques mois\u00a0\u00bb, a d\u00e9clar\u00e9 le directeur sportif Sebastian Kehl.<\/p>\n<h2><span style=\"color: #ff0000;\">Des mois d\u2019absence pour Haller<\/span><\/h2>\n<p>Le journal allemand Bild a rapport\u00e9 que l\u2019op\u00e9ration s\u2019est d\u00e9roul\u00e9e comme pr\u00e9vu et que le joueur est maintenant avec sa famille, attendant des conseils sur les prochaines \u00e9tapes de son r\u00e9tablissement.\u00a0Avec la Coupe du monde 2022, les ligues europ\u00e9ennes seront en pause \u00e0 partir de novembre, l\u2019ann\u00e9e civile de Haller est d\u00e9j\u00e0 termin\u00e9e. Rien n\u2019a \u00e9t\u00e9 dit sur l\u2019\u00e9tat de sant\u00e9 de Haller depuis l\u2019op\u00e9ration, si ce n\u2019est qu\u2019elle a \u00e9t\u00e9 un succ\u00e8s. <strong>Reste \u00e0 savoir quelle th\u00e9rapie il devra suivre et combien de temps il devra rester sur le terrain.<\/strong><\/p>\n<p>Haller n\u2019est arriv\u00e9 \u00e0 Dortmund que cet \u00e9t\u00e9 en provenance de l\u2019Ajax. Il a \u00e9t\u00e9 recrut\u00e9 pour combler le vide laiss\u00e9 par le d\u00e9part d\u2019Erling Haaland \u00e0 Manchester City.\u00a0<strong>L\u2019Ivoirien de 28 ans a brusquement quitt\u00e9 le camp d\u2019entra\u00eenement de pr\u00e9-saison en Suisse apr\u00e8s la d\u00e9couverte de la tumeur lors de tests m\u00e9dicaux.\u00a0<\/strong><\/p>\n<\/div>\n[ad_2]\n<br \/><a href=\"https:\/\/www.football365.fr\/absence-plus-longue-prevu-haller-10047453.html?utm_source=rss_feed&#038;utm_medium=link&#038;utm_campaign=unknown\">Source link <\/a><\/p>\n","protected":false},"excerpt":{"rendered":"<p>[ad_1] Le Borussia Dortmund va devoir se passer de l&rsquo;attaquant Sebastien Haller pour le reste de l&rsquo;ann\u00e9e suite \u00e0 son op\u00e9ration. Haller s\u2019est fait d\u00e9couvrir une tumeur testiculaire au d\u00e9but du mois et a depuis \u00e9t\u00e9 op\u00e9r\u00e9 avec succ\u00e8s. Il entame maintenant le chemin de la gu\u00e9rison avec son nouveau club. \u00ab\u00a0On discute encore du &hellip;<\/p>\n","protected":false},"author":1,"featured_media":38515,"comment_status":"open","ping_status":"open","sticky":false,"template":"","format":"standard","meta":{"_seopress_robots_primary_cat":"","_seopress_titles_title":"","_seopress_titles_desc":"","_seopress_robots_index":"","_jetpack_memberships_contains_paid_content":false,"footnotes":""},"categories":[350],"tags":[],"class_list":["post-38552","post","type-post","status-publish","format-standard","has-post-thumbnail","hentry","category-sport"],"jetpack_featured_media_url":"https:\/\/tunimedia.tn\/fr\/wp-content\/uploads\/2022\/07\/DORTMUND_HALLER_270722.jpg","jetpack_sharing_enabled":true,"amp_enabled":true,"_links":{"self":[{"href":"https:\/\/tunimedia.tn\/fr\/wp-json\/wp\/v2\/posts\/38552","targetHints":{"allow":["GET"]}}],"collection":[{"href":"https:\/\/tunimedia.tn\/fr\/wp-json\/wp\/v2\/posts"}],"about":[{"href":"https:\/\/tunimedia.tn\/fr\/wp-json\/wp\/v2\/types\/post"}],"author":[{"embeddable":true,"href":"https:\/\/tunimedia.tn\/fr\/wp-json\/wp\/v2\/users\/1"}],"replies":[{"embeddable":true,"href":"https:\/\/tunimedia.tn\/fr\/wp-json\/wp\/v2\/comments?post=38552"}],"version-history":[{"count":0,"href":"https:\/\/tunimedia.tn\/fr\/wp-json\/wp\/v2\/posts\/38552\/revisions"}],"wp:featuredmedia":[{"embeddable":true,"href":"https:\/\/tunimedia.tn\/fr\/wp-json\/wp\/v2\/media\/38515"}],"wp:attachment":[{"href":"https:\/\/tunimedia.tn\/fr\/wp-json\/wp\/v2\/media?parent=38552"}],"wp:term":[{"taxonomy":"category","embeddable":true,"href":"https:\/\/tunimedia.tn\/fr\/wp-json\/wp\/v2\/categories?post=38552"},{"taxonomy":"post_tag","embeddable":true,"href":"https:\/\/tunimedia.tn\/fr\/wp-json\/wp\/v2\/tags?post=38552"}],"curies":[{"name":"wp","href":"https:\/\/api.w.org\/{rel}","templated":true}]}}