{"id":36626,"date":"2022-06-30T11:36:05","date_gmt":"2022-06-30T11:36:05","guid":{"rendered":"http:\/\/www.tunimedia.tn\/fr\/jovic-a-la-fiorentina-ca-discute-fort\/"},"modified":"2022-06-30T11:36:05","modified_gmt":"2022-06-30T11:36:05","slug":"jovic-a-la-fiorentina-ca-discute-fort","status":"publish","type":"post","link":"https:\/\/tunimedia.tn\/fr\/jovic-a-la-fiorentina-ca-discute-fort\/","title":{"rendered":"Jovic \u00e0 la Fiorentina, \u00e7a discute fort"},"content":{"rendered":"<p> [ad_1]\n<\/p>\n<p>\nLa question du salaire de Luka Jovic \u00e0 la Viola est enfin en passe d&rsquo;\u00eatre r\u00e9gl\u00e9e. <\/p>\n<div>\n<p><strong>Ces derni\u00e8res ann\u00e9es, le Real Madrid a r\u00e9duit ses d\u00e9penses,<\/strong> se contentant d\u2019une seule grande recrue par \u00e9t\u00e9. Cette fois, cette recrue \u00e9tait cens\u00e9e \u00eatre Kylian Mbapp\u00e9, mais c\u2019est Aur\u00e9lien Tchouameni qui a \u00e9t\u00e9 finalement choisi.\u00a0Cependant, le grand soulagement \u00e0 Valdebebas sera peut-\u00eatre de s\u2019assurer que l\u2019\u00e9quipe sera encore plus l\u00e9g\u00e8re la saison prochaine. Apr\u00e8s les d\u00e9parts de Gareth Bale, d\u2019Isco et de Marcelo, les Blancos se sont d\u00e9barrass\u00e9s d\u2019un poids important de leur masse salariale.<\/p>\n<h2><span style=\"color: #ff0000;\">La question du salaire r\u00e9gl\u00e9e<\/span><\/h2>\n<p><strong>Le prochain salaire \u00e0 dispara\u00eetre sera celui de Luka Jovic,<\/strong> selon le journaliste italien Fabrizio Romano. L\u2019attaquant serbe a lutt\u00e9 \u00e0 la fois pour obtenir des minutes et des buts depuis son arriv\u00e9e \u00e0 Madrid. Aujourd\u2019hui, le prix de 63 millions d\u2019euros d\u00e9bours\u00e9 \u00e0 l\u2019\u00e9poque pour Jovic ressemble de plus en plus \u00e0 une erreur.\u00a0Apr\u00e8s un pr\u00e9c\u00e9dent pr\u00eat \u00e0 son ancien club de l\u2019Eintracht Francfort, Jovic est pr\u00eat \u00e0 partir en Serie A, o\u00f9 le Real Madrid partagera son salaire de 6 millions d\u2019euros pour la saison \u00e0 venir avec la Fiorentina.<\/p>\n<\/div>\n[ad_2]\n<br \/><a href=\"https:\/\/www.football365.fr\/jovic-a-fiorentina-ca-discute-fort-10042524.html?utm_source=rss_feed&#038;utm_medium=link&#038;utm_campaign=unknown\">Source link <\/a><\/p>\n","protected":false},"excerpt":{"rendered":"<p>[ad_1] La question du salaire de Luka Jovic \u00e0 la Viola est enfin en passe d&rsquo;\u00eatre r\u00e9gl\u00e9e. Ces derni\u00e8res ann\u00e9es, le Real Madrid a r\u00e9duit ses d\u00e9penses, se contentant d\u2019une seule grande recrue par \u00e9t\u00e9. Cette fois, cette recrue \u00e9tait cens\u00e9e \u00eatre Kylian Mbapp\u00e9, mais c\u2019est Aur\u00e9lien Tchouameni qui a \u00e9t\u00e9 finalement choisi.\u00a0Cependant, le grand &hellip;<\/p>\n","protected":false},"author":1,"featured_media":29417,"comment_status":"open","ping_status":"open","sticky":false,"template":"","format":"standard","meta":{"_seopress_robots_primary_cat":"","_seopress_titles_title":"","_seopress_titles_desc":"","_seopress_robots_index":"","_jetpack_memberships_contains_paid_content":false,"footnotes":""},"categories":[350],"tags":[],"class_list":["post-36626","post","type-post","status-publish","format-standard","has-post-thumbnail","hentry","category-sport"],"jetpack_featured_media_url":"https:\/\/tunimedia.tn\/fr\/wp-content\/uploads\/2022\/03\/PANORAMIC_218628_00021.jpg","jetpack_sharing_enabled":true,"amp_enabled":true,"_links":{"self":[{"href":"https:\/\/tunimedia.tn\/fr\/wp-json\/wp\/v2\/posts\/36626","targetHints":{"allow":["GET"]}}],"collection":[{"href":"https:\/\/tunimedia.tn\/fr\/wp-json\/wp\/v2\/posts"}],"about":[{"href":"https:\/\/tunimedia.tn\/fr\/wp-json\/wp\/v2\/types\/post"}],"author":[{"embeddable":true,"href":"https:\/\/tunimedia.tn\/fr\/wp-json\/wp\/v2\/users\/1"}],"replies":[{"embeddable":true,"href":"https:\/\/tunimedia.tn\/fr\/wp-json\/wp\/v2\/comments?post=36626"}],"version-history":[{"count":0,"href":"https:\/\/tunimedia.tn\/fr\/wp-json\/wp\/v2\/posts\/36626\/revisions"}],"wp:featuredmedia":[{"embeddable":true,"href":"https:\/\/tunimedia.tn\/fr\/wp-json\/wp\/v2\/media\/29417"}],"wp:attachment":[{"href":"https:\/\/tunimedia.tn\/fr\/wp-json\/wp\/v2\/media?parent=36626"}],"wp:term":[{"taxonomy":"category","embeddable":true,"href":"https:\/\/tunimedia.tn\/fr\/wp-json\/wp\/v2\/categories?post=36626"},{"taxonomy":"post_tag","embeddable":true,"href":"https:\/\/tunimedia.tn\/fr\/wp-json\/wp\/v2\/tags?post=36626"}],"curies":[{"name":"wp","href":"https:\/\/api.w.org\/{rel}","templated":true}]}}