{"id":36544,"date":"2022-06-29T07:28:38","date_gmt":"2022-06-29T07:28:38","guid":{"rendered":"https:\/\/www.tunimedia.tn\/fr\/kroos-inquiete-le-real-madrid\/"},"modified":"2022-06-29T07:28:38","modified_gmt":"2022-06-29T07:28:38","slug":"kroos-inquiete-le-real-madrid","status":"publish","type":"post","link":"https:\/\/tunimedia.tn\/fr\/kroos-inquiete-le-real-madrid\/","title":{"rendered":"Kroos inqui\u00e8te le Real Madrid"},"content":{"rendered":"<p> [ad_1]\n<\/p>\n<p>\nSi Luka Modric a r\u00e9cemment accept\u00e9 de prolonger d&rsquo;un an avec le Real Madrid, Toni Kroos se montre beaucoup plus prudent et pr\u00e9f\u00e8re prendre son temps. <\/p>\n<div>\n<p>Si le <strong><a href=\"https:\/\/www.football365.fr\/equipe\/real-madrid-13434.shtml\">Real Madrid<\/a><\/strong> a une fois encore brill\u00e9 cette saison en s\u2019offrant notamment une quatorzi\u00e8me Ligue des champions et une nouvelle Liga, ce n\u2019est pas uniquement gr\u00e2ce \u00e0 Karim Benzema. Pour aider l\u2019international tricolore \u00e0 briller, le milieu de terrain merengue est au rendez-vous et le trio Casemiro-Modric-Kroos est r\u00e9guli\u00e8rement mis en avant. D\u00e9sireux de conserver ce fameux trident, <strong><a href=\"https:\/\/www.football365.fr\/real-madrid-prolonge-luka-modric-10037328.html\">Madrid a d\u00e9j\u00e0 prolong\u00e9 Luka Modric un an de plus<\/a><\/strong>. Il veut en faire de m\u00eame avec Toni Kroos, mais ce dernier a appuyer sur le frein.<\/p>\n<p>Comme le rapporte <em>AS<\/em> ce mercredi, l\u2019international allemand n\u2019est pas press\u00e9 de discuter de son contrat, et cela inqui\u00e8te un peu le Real. S\u2019il a accept\u00e9 de s\u2019asseoir autour d\u2019une table pour aborder le sujet avec sa direction, <strong>il semblerait qu\u2019il ne souhaite pas signer quoi que ce soit avant la fin de son bail actuel<\/strong>. Li\u00e9 au Real Madrid jusqu\u2019en juin 2023, le joueur de trente-deux ans pr\u00e9f\u00e8re prendre son temps. Le m\u00e9dia pr\u00e9cise que le club souhaite le prolonger d\u2019une saison, comme c\u2019est de tradition pour lui lorsqu\u2019il s\u2019agit de trentenaires.<\/p>\n<h2><span style=\"color: #ff0000;\">Comme en 2019 ?<\/span><\/h2>\n<p>De son c\u00f4t\u00e9, Toni Kroos souhaite donc attendre un peu pour voir si son entra\u00eeneur Carlo Ancelotti compte toujours sur lui en fin de saison prochaine. D\u2019un point de vue plus personnel, l\u2019Allemand veut aussi voir si, au moment T, il s\u2019estimera en capacit\u00e9 de poursuivre au plus haut niveau. Le m\u00e9dia espagnol n\u2019exclut pas que tout cela ne soit en r\u00e9alit\u00e9 qu\u2019<strong>une strat\u00e9gie pour demander une prolongation plus longue<\/strong>. Une mani\u00e8re de faire que Kroos avait d\u00e9j\u00e0 employ\u00e9e au moment de sa derni\u00e8re ren\u00e9gociation de contrat. En 2019, il avait rempil\u00e9 pour quatre saisons.<\/p>\n<p><strong>A lire \u00e9galement : &gt;&gt;&gt; <a title=\"Neymar enfonc\u00e9, d\u00e9part valid\u00e9\" href=\"https:\/\/www.football365.fr\/neymar-lourde-charge-10042374.html\">Neymar enfonc\u00e9, d\u00e9part valid\u00e9<\/a><\/strong> <\/div>\n[ad_2]\n<br \/><a href=\"https:\/\/www.football365.fr\/kroos-inquiete-real-madrid-10042379.html?utm_source=rss_feed&#038;utm_medium=link&#038;utm_campaign=unknown\">Source link <\/a><\/p>\n","protected":false},"excerpt":{"rendered":"<p>[ad_1] Si Luka Modric a r\u00e9cemment accept\u00e9 de prolonger d&rsquo;un an avec le Real Madrid, Toni Kroos se montre beaucoup plus prudent et pr\u00e9f\u00e8re prendre son temps. Si le Real Madrid a une fois encore brill\u00e9 cette saison en s\u2019offrant notamment une quatorzi\u00e8me Ligue des champions et une nouvelle Liga, ce n\u2019est pas uniquement gr\u00e2ce &hellip;<\/p>\n","protected":false},"author":1,"featured_media":36545,"comment_status":"open","ping_status":"open","sticky":false,"template":"","format":"standard","meta":{"_seopress_robots_primary_cat":"","_seopress_titles_title":"","_seopress_titles_desc":"","_seopress_robots_index":"","_jetpack_memberships_contains_paid_content":false,"footnotes":""},"categories":[350],"tags":[],"class_list":["post-36544","post","type-post","status-publish","format-standard","has-post-thumbnail","hentry","category-sport"],"jetpack_featured_media_url":"https:\/\/tunimedia.tn\/fr\/wp-content\/uploads\/2022\/06\/Toni-Kroos-Real-Madrid-1-1.jpg","jetpack_sharing_enabled":true,"amp_enabled":true,"_links":{"self":[{"href":"https:\/\/tunimedia.tn\/fr\/wp-json\/wp\/v2\/posts\/36544","targetHints":{"allow":["GET"]}}],"collection":[{"href":"https:\/\/tunimedia.tn\/fr\/wp-json\/wp\/v2\/posts"}],"about":[{"href":"https:\/\/tunimedia.tn\/fr\/wp-json\/wp\/v2\/types\/post"}],"author":[{"embeddable":true,"href":"https:\/\/tunimedia.tn\/fr\/wp-json\/wp\/v2\/users\/1"}],"replies":[{"embeddable":true,"href":"https:\/\/tunimedia.tn\/fr\/wp-json\/wp\/v2\/comments?post=36544"}],"version-history":[{"count":0,"href":"https:\/\/tunimedia.tn\/fr\/wp-json\/wp\/v2\/posts\/36544\/revisions"}],"wp:featuredmedia":[{"embeddable":true,"href":"https:\/\/tunimedia.tn\/fr\/wp-json\/wp\/v2\/media\/36545"}],"wp:attachment":[{"href":"https:\/\/tunimedia.tn\/fr\/wp-json\/wp\/v2\/media?parent=36544"}],"wp:term":[{"taxonomy":"category","embeddable":true,"href":"https:\/\/tunimedia.tn\/fr\/wp-json\/wp\/v2\/categories?post=36544"},{"taxonomy":"post_tag","embeddable":true,"href":"https:\/\/tunimedia.tn\/fr\/wp-json\/wp\/v2\/tags?post=36544"}],"curies":[{"name":"wp","href":"https:\/\/api.w.org\/{rel}","templated":true}]}}