{"id":29525,"date":"2022-03-24T10:50:30","date_gmt":"2022-03-24T10:50:30","guid":{"rendered":"https:\/\/www.tunimedia.tn\/fr\/cest-la-guerre-entre-la-fff-et-mbappe\/"},"modified":"2022-03-24T10:50:30","modified_gmt":"2022-03-24T10:50:30","slug":"cest-la-guerre-entre-la-fff-et-mbappe","status":"publish","type":"post","link":"https:\/\/tunimedia.tn\/fr\/cest-la-guerre-entre-la-fff-et-mbappe\/","title":{"rendered":"C&rsquo;est la guerre entre la FFF et Mbapp\u00e9"},"content":{"rendered":"<p> [ad_1]\n<\/p>\n<div>\n<p>\nNo\u00ebl Le Gra\u00ebt, le pr\u00e9sident de la F\u00e9d\u00e9ration fran\u00e7aise de football, s&rsquo;est exprim\u00e9 sur le conflit qui l&rsquo;oppose \u00e0 Kylian Mbapp\u00e9 concernant les droits d&rsquo;image, selon Marca. <\/p>\n<div class=\"post-content\">\n<p>Kylian Mbapp\u00e9 a refus\u00e9 hier de participer \u00e0 un \u00e9v\u00e9nement avec l\u2019un des sponsors des Bleus mercredi en raison d\u2019un diff\u00e9rend sur l\u2019utilisation de son image. Le boss de la FFF a exclu de sanctionner le joueur mais a indiqu\u00e9 qu\u2019une lettre lui sera envoy\u00e9e pour lui rappeler ses obligations. <strong>Il a \u00e9galement assur\u00e9 qu\u2019il esp\u00e8re qu\u2019une r\u00e9solution \u00e0 l\u2019amiable sera bient\u00f4t trouv\u00e9e.<\/strong><\/p>\n<h2><span style=\"color: #ff0000;\">Un conflit entre Mbapp\u00e9 et la FFF<\/span><\/h2>\n<p><strong>Le droit \u00e0 l\u2019image de Mbapp\u00e9 est \u00e9galement une question centrale et complexe concernant ses conversations avec le Real Madrid<\/strong>. L\u2019attaquant du Paris Saint-Germain devrait rejoindre Madrid cet \u00e9t\u00e9.\u00a0Mais la coutume au Santiago Bernabeu veut que les joueurs c\u00e8dent 50 % de leurs droits d\u2019image au club, ce \u00e0 quoi Mbapp\u00e9 n\u2019est pas pr\u00eat \u00e0 s\u2019engager. Si Madrid fait une exception pour le joueur de 23 ans, ce serait le premier cas de ce genre depuis Cristiano Ronaldo.<\/p>\n<\/div>\n<\/div>\n[ad_2]\n<br \/><a href=\"https:\/\/www.football365.fr\/cest-guerre-entre-fff-mbappe-10024170.html?utm_source=rss_feed&#038;utm_medium=link&#038;utm_campaign=unknown\">Source link <\/a><\/p>\n","protected":false},"excerpt":{"rendered":"<p>[ad_1] No\u00ebl Le Gra\u00ebt, le pr\u00e9sident de la F\u00e9d\u00e9ration fran\u00e7aise de football, s&rsquo;est exprim\u00e9 sur le conflit qui l&rsquo;oppose \u00e0 Kylian Mbapp\u00e9 concernant les droits d&rsquo;image, selon Marca. Kylian Mbapp\u00e9 a refus\u00e9 hier de participer \u00e0 un \u00e9v\u00e9nement avec l\u2019un des sponsors des Bleus mercredi en raison d\u2019un diff\u00e9rend sur l\u2019utilisation de son image. Le &hellip;<\/p>\n","protected":false},"author":1,"featured_media":29483,"comment_status":"open","ping_status":"open","sticky":false,"template":"","format":"standard","meta":{"_seopress_robots_primary_cat":"","_seopress_titles_title":"","_seopress_titles_desc":"","_seopress_robots_index":"","_jetpack_memberships_contains_paid_content":false,"footnotes":""},"categories":[350],"tags":[],"class_list":["post-29525","post","type-post","status-publish","format-standard","has-post-thumbnail","hentry","category-sport"],"jetpack_featured_media_url":"https:\/\/tunimedia.tn\/fr\/wp-content\/uploads\/2022\/03\/Kylian-Mbappe-France-1-1.jpg","jetpack_sharing_enabled":true,"amp_enabled":true,"_links":{"self":[{"href":"https:\/\/tunimedia.tn\/fr\/wp-json\/wp\/v2\/posts\/29525","targetHints":{"allow":["GET"]}}],"collection":[{"href":"https:\/\/tunimedia.tn\/fr\/wp-json\/wp\/v2\/posts"}],"about":[{"href":"https:\/\/tunimedia.tn\/fr\/wp-json\/wp\/v2\/types\/post"}],"author":[{"embeddable":true,"href":"https:\/\/tunimedia.tn\/fr\/wp-json\/wp\/v2\/users\/1"}],"replies":[{"embeddable":true,"href":"https:\/\/tunimedia.tn\/fr\/wp-json\/wp\/v2\/comments?post=29525"}],"version-history":[{"count":0,"href":"https:\/\/tunimedia.tn\/fr\/wp-json\/wp\/v2\/posts\/29525\/revisions"}],"wp:featuredmedia":[{"embeddable":true,"href":"https:\/\/tunimedia.tn\/fr\/wp-json\/wp\/v2\/media\/29483"}],"wp:attachment":[{"href":"https:\/\/tunimedia.tn\/fr\/wp-json\/wp\/v2\/media?parent=29525"}],"wp:term":[{"taxonomy":"category","embeddable":true,"href":"https:\/\/tunimedia.tn\/fr\/wp-json\/wp\/v2\/categories?post=29525"},{"taxonomy":"post_tag","embeddable":true,"href":"https:\/\/tunimedia.tn\/fr\/wp-json\/wp\/v2\/tags?post=29525"}],"curies":[{"name":"wp","href":"https:\/\/api.w.org\/{rel}","templated":true}]}}