{"id":28,"date":"2015-01-02T22:26:27","date_gmt":"2015-01-02T22:26:27","guid":{"rendered":"http:\/\/tunimedia.tn\/fr\/?p=28"},"modified":"2015-01-02T22:26:27","modified_gmt":"2015-01-02T22:26:27","slug":"mehdi-jomaa-en-france-et-aux-etats-unis-la-semaine-prochaine","status":"publish","type":"post","link":"https:\/\/tunimedia.tn\/fr\/mehdi-jomaa-en-france-et-aux-etats-unis-la-semaine-prochaine\/","title":{"rendered":"Mehdi Jom\u00e2a en France et aux Etats-Unis la semaine prochaine"},"content":{"rendered":"<p>Le Premier ministre tunisien sortant Mehdi Jom\u00e2a a indiqu\u00e9 vendredi \u00e0 l&rsquo;AFP qu&rsquo;il se rendrait en visite en France et aux<br \/>\nEtats-Unis la semaine prochaine pour \u00ab\u00a0pr\u00e9parer le terrain\u00a0\u00bb au prochain gouvernement et \u00ab\u00a0rassurer sur l&rsquo;avenir du pays\u00a0\u00bb.<\/p>\n<p>M. Jom\u00e2a, qui doit rester en poste jusqu&rsquo;\u00e0 la formation d&rsquo;un nouveau gouvernement, s&rsquo;entretiendra lundi \u00e0 Paris avec son homologue fran\u00e7ais Manuel Valls.<\/p>\n<p>Il sera ensuite mardi et mercredi \u00e0 New York, o\u00f9 il rencontrera le secr\u00e9taire g\u00e9n\u00e9ral de l&rsquo;ONU Ban Ki-moon, et Washington, o\u00f9 il sera re\u00e7u par la directrice g\u00e9n\u00e9rale du Fonds mon\u00e9taire international (FMI) Christine Lagarde et le pr\u00e9sident de la Banque mondiale, Jim Yong Kim.<\/p>\n<p>\u00ab\u00a0C&rsquo;est de bonne tradition d&rsquo;aller faire le point et c&rsquo;est de bonne tradition aussi de pr\u00e9parer le terrain au prochain gouvernement\u00a0\u00bb, a dit M. Jom\u00e2a, qui entend \u00ab\u00a0rassurer sur l&rsquo;avenir du pays et demander plus de coop\u00e9ration (&#8230;) pour faire r\u00e9ussir cette exp\u00e9rience tunisienne\u00a0\u00bb.<\/p>\n<p><a href=\"http:\/\/tunimedia.tn\/fr\/wp-content\/uploads\/2015\/01\/MEHDI-JOMAA-large570.jpg\"><img loading=\"lazy\" decoding=\"async\" class=\"alignright size-medium wp-image-29\" src=\"http:\/\/tunimedia.tn\/fr\/wp-content\/uploads\/2015\/01\/MEHDI-JOMAA-large570-300x125.jpg\" alt=\"Germany Tunisia\" width=\"300\" height=\"125\" srcset=\"https:\/\/tunimedia.tn\/fr\/wp-content\/uploads\/2015\/01\/MEHDI-JOMAA-large570-300x125.jpg 300w, https:\/\/tunimedia.tn\/fr\/wp-content\/uploads\/2015\/01\/MEHDI-JOMAA-large570.jpg 570w\" sizes=\"auto, (max-width: 300px) 100vw, 300px\" \/><\/a><\/p>\n<p>Le Premier ministre, dont le pays fait face depuis la r\u00e9volution \u00e0 un essor de la mouvance jihadiste, s&rsquo;est f\u00e9licit\u00e9 que les \u00e9lections aient \u00e9t\u00e9 \u00ab\u00a0bien organis\u00e9es et bien prot\u00e9g\u00e9es contre toutes les menaces\u00a0\u00bb, en faisant \u00e9tat de \u00ab\u00a0grands pas dans la lutte contre le terrorisme\u00a0\u00bb.<\/p>\n<p>M. Jom\u00e2a a en outre confirm\u00e9 avoir \u00e9t\u00e9 approch\u00e9 pour mener le prochain gouvernement.<\/p>\n<blockquote><p>\u00ab\u00a0Oui, on m&rsquo;a sollicit\u00e9 et ma r\u00e9ponse est toujours la m\u00eame (&#8230;): je ne suis pas concern\u00e9. Moi, je suis venu pour une mission qui \u00e9tait inscrite dans le temps et le contenu\u00a0\u00bb, a-t-il d\u00e9clar\u00e9. \u00ab\u00a0Le pays a choisi un syst\u00e8me d\u00e9mocratique fond\u00e9 sur l&rsquo;alternance et ce n&rsquo;est pas \u00e0 la premi\u00e8re exp\u00e9rience qu&rsquo;on va casser cette r\u00e8gle-l\u00e0\u00a0\u00bb.<\/p>\n<div class=\"ql\"><\/div>\n<div class=\"qr\"><\/div>\n<\/blockquote>\n<p>\u00ab\u00a0On peut passer par le pouvoir, on peut choisir (&#8230;) de le quitter, c&rsquo;est le choix que j&rsquo;ai fait\u00a0\u00bb, a-t-il poursuivi, en pr\u00e9cisant qu&rsquo;il comptait \u00ab\u00a0revenir \u00e0 une vie normale (&#8230;) dans le priv\u00e9\u00a0\u00bb, et \u00e0 l&rsquo;\u00e9tranger.<\/p>\n<p>Le nouveau pr\u00e9sident B\u00e9ji Ca\u00efd Essebsi a charg\u00e9 mercredi son parti Nida Tounes, vainqueur des l\u00e9gislatives d&rsquo;octobre, de pr\u00e9senter un candidat au poste de Premier ministre.<\/p>\n","protected":false},"excerpt":{"rendered":"<p>Le Premier ministre tunisien sortant Mehdi Jom\u00e2a a indiqu\u00e9 vendredi \u00e0 l&rsquo;AFP qu&rsquo;il se rendrait en visite en France et aux Etats-Unis la semaine prochaine pour \u00ab\u00a0pr\u00e9parer le terrain\u00a0\u00bb au prochain gouvernement et \u00ab\u00a0rassurer sur l&rsquo;avenir du pays\u00a0\u00bb. M. Jom\u00e2a, qui doit rester en poste jusqu&rsquo;\u00e0 la formation d&rsquo;un nouveau gouvernement, s&rsquo;entretiendra lundi \u00e0 Paris &hellip;<\/p>\n","protected":false},"author":1,"featured_media":29,"comment_status":"open","ping_status":"open","sticky":false,"template":"","format":"standard","meta":{"_seopress_robots_primary_cat":"","_seopress_titles_title":"","_seopress_titles_desc":"","_seopress_robots_index":"","_jetpack_memberships_contains_paid_content":false,"footnotes":""},"categories":[3],"tags":[],"class_list":["post-28","post","type-post","status-publish","format-standard","has-post-thumbnail","hentry","category-tunisie"],"jetpack_featured_media_url":"https:\/\/tunimedia.tn\/fr\/wp-content\/uploads\/2015\/01\/MEHDI-JOMAA-large570.jpg","jetpack_sharing_enabled":true,"amp_enabled":true,"_links":{"self":[{"href":"https:\/\/tunimedia.tn\/fr\/wp-json\/wp\/v2\/posts\/28","targetHints":{"allow":["GET"]}}],"collection":[{"href":"https:\/\/tunimedia.tn\/fr\/wp-json\/wp\/v2\/posts"}],"about":[{"href":"https:\/\/tunimedia.tn\/fr\/wp-json\/wp\/v2\/types\/post"}],"author":[{"embeddable":true,"href":"https:\/\/tunimedia.tn\/fr\/wp-json\/wp\/v2\/users\/1"}],"replies":[{"embeddable":true,"href":"https:\/\/tunimedia.tn\/fr\/wp-json\/wp\/v2\/comments?post=28"}],"version-history":[{"count":1,"href":"https:\/\/tunimedia.tn\/fr\/wp-json\/wp\/v2\/posts\/28\/revisions"}],"predecessor-version":[{"id":30,"href":"https:\/\/tunimedia.tn\/fr\/wp-json\/wp\/v2\/posts\/28\/revisions\/30"}],"wp:featuredmedia":[{"embeddable":true,"href":"https:\/\/tunimedia.tn\/fr\/wp-json\/wp\/v2\/media\/29"}],"wp:attachment":[{"href":"https:\/\/tunimedia.tn\/fr\/wp-json\/wp\/v2\/media?parent=28"}],"wp:term":[{"taxonomy":"category","embeddable":true,"href":"https:\/\/tunimedia.tn\/fr\/wp-json\/wp\/v2\/categories?post=28"},{"taxonomy":"post_tag","embeddable":true,"href":"https:\/\/tunimedia.tn\/fr\/wp-json\/wp\/v2\/tags?post=28"}],"curies":[{"name":"wp","href":"https:\/\/api.w.org\/{rel}","templated":true}]}}